{"id":233849,"date":"2012-07-07T22:06:16","date_gmt":"2012-07-07T22:06:16","guid":{"rendered":"https:\/\/archivio.cercoiltuovolto.it\/?p=233849"},"modified":"2012-07-07T22:06:16","modified_gmt":"2012-07-07T22:06:16","slug":"commento-al-vangelo-del-8-luglio-2012-p-massimo-granieri","status":"publish","type":"post","link":"https:\/\/archivio.cercoiltuovolto.it\/?p=233849","title":{"rendered":"Commento al Vangelo del 8 luglio 2012 &#8211; p. Massimo Granieri"},"content":{"rendered":"<p style=\"text-align: center;\">\n<p style=\"text-align: justify;\">Il commento sulla Parola di Dio proclamata durante la liturgia festiva.\u00a0In onda la domenica alle ore 8.05 del mattino su <a href=\"http:\/\/rlb.it\/\" target=\"_blank\">RLB<\/a>. Una canzone chiude la riflessione, riassumendo i punti essenziali del messaggio.<\/p>\n<blockquote>\n<p>In quel tempo, Ges\u00f9 venne nella sua patria e i suoi discepoli lo seguirono.\u00a0Giunto il sabato, si mise a insegnare nella sinagoga. E molti, ascoltando, rimanevano stupiti e dicevano: \u00abDa dove gli vengono queste cose? E che sapienza \u00e8 quella che gli \u00e8 stata data?<\/p>\n<p>E i prodigi come quelli compiuti dalle sue mani? Non \u00e8 costui il falegname, il figlio di Maria, il fratello di Giacomo, di Ioses, di Giuda e di Simone? E le sue sorelle, non stanno qui da noi?\u00bb. Ed era per loro motivo di scandalo.<\/p>\n<p>Ma Ges\u00f9 disse loro: \u00abUn profeta non \u00e8 disprezzato se non nella sua patria, tra i suoi parenti e in casa sua\u00bb. E l\u00ec non poteva compiere nessun prodigio, ma solo impose le mani a pochi malati e li guar\u00ec. E si meravigliava della loro incredulit\u00e0.<\/p>\n<p>Ges\u00f9 percorreva i villaggi d\u2019intorno, insegnando.<\/p>\n<p>(Vangelo di Marco 6,1-6)<\/p>\n<\/blockquote>\n<div class=\"powerpressbox\" style=\"text-align: justify;\">[powerpress]<\/div>\n<p class=\"link\">Fonte: <a href=\"http:\/\/www.maxgranieri.it\/un-profeta-non-e-disprezzato-se-non-nella-sua-patria\/\">p. Massimo Granieri<\/a><\/p>\n","protected":false},"excerpt":{"rendered":"<p>Il commento sulla Parola di Dio proclamata durante la liturgia festiva.\u00a0In onda la domenica alle ore 8.05 del mattino su RLB. Una canzone chiude la riflessione, riassumendo i punti essenziali del messaggio. In quel tempo, Ges\u00f9 venne nella sua patria e i suoi discepoli lo seguirono.\u00a0Giunto il sabato, si mise a insegnare nella sinagoga. E&#8230;<\/p>\n","protected":false},"author":3,"featured_media":0,"comment_status":"closed","ping_status":"closed","sticky":false,"template":"","format":"standard","meta":{"_kad_post_transparent":"","_kad_post_title":"","_kad_post_layout":"","_kad_post_sidebar_id":"","_kad_post_content_style":"","_kad_post_vertical_padding":"","_kad_post_feature":"","_kad_post_feature_position":"","_kad_post_header":false,"_kad_post_footer":false,"_kad_post_classname":"","footnotes":""},"categories":[102,4],"tags":[5,385,31],"class_list":["post-233849","post","type-post","status-publish","format-standard","hentry","category-102","category-audio-cattolici","tag-commento-al-vangelo","tag-passionisti","tag-radio-nel-web"],"_links":{"self":[{"href":"https:\/\/archivio.cercoiltuovolto.it\/index.php?rest_route=\/wp\/v2\/posts\/233849","targetHints":{"allow":["GET"]}}],"collection":[{"href":"https:\/\/archivio.cercoiltuovolto.it\/index.php?rest_route=\/wp\/v2\/posts"}],"about":[{"href":"https:\/\/archivio.cercoiltuovolto.it\/index.php?rest_route=\/wp\/v2\/types\/post"}],"author":[{"embeddable":true,"href":"https:\/\/archivio.cercoiltuovolto.it\/index.php?rest_route=\/wp\/v2\/users\/3"}],"replies":[{"embeddable":true,"href":"https:\/\/archivio.cercoiltuovolto.it\/index.php?rest_route=%2Fwp%2Fv2%2Fcomments&post=233849"}],"version-history":[{"count":0,"href":"https:\/\/archivio.cercoiltuovolto.it\/index.php?rest_route=\/wp\/v2\/posts\/233849\/revisions"}],"wp:attachment":[{"href":"https:\/\/archivio.cercoiltuovolto.it\/index.php?rest_route=%2Fwp%2Fv2%2Fmedia&parent=233849"}],"wp:term":[{"taxonomy":"category","embeddable":true,"href":"https:\/\/archivio.cercoiltuovolto.it\/index.php?rest_route=%2Fwp%2Fv2%2Fcategories&post=233849"},{"taxonomy":"post_tag","embeddable":true,"href":"https:\/\/archivio.cercoiltuovolto.it\/index.php?rest_route=%2Fwp%2Fv2%2Ftags&post=233849"}],"curies":[{"name":"wp","href":"https:\/\/api.w.org\/{rel}","templated":true}]}}