{"id":233789,"date":"2012-06-21T09:37:30","date_gmt":"2012-06-21T09:37:30","guid":{"rendered":"https:\/\/archivio.cercoiltuovolto.it\/?p=233789"},"modified":"2012-06-21T09:37:30","modified_gmt":"2012-06-21T09:37:30","slug":"benedetto-xvi-angelus-del-17-giugno-2012-in-mp3","status":"publish","type":"post","link":"https:\/\/archivio.cercoiltuovolto.it\/?p=233789","title":{"rendered":"Benedetto XVI &#8211; Angelus del 17 giugno 2012 in mp3"},"content":{"rendered":"<blockquote>\n<p style=\"text-align: center;\">\n<p><em>Cari fratelli e sorelle,<\/em><\/p>\n<p>la liturgia odierna ci propone due brevi parabole di Ges\u00f9: quella del seme che cresce da solo e quella del granello di senape (cfr\u00a0<em>Mc<\/em>\u00a04,26\u201334). Attraverso immagini tratte dal mondo dell\u2019agricoltura, il Signore presenta il mistero della Parola e del Regno di Dio, e indica le ragioni della nostra speranza e del nostro impegno.<\/p>\n<p style=\"text-align: justify;\">Nella prima parabola l\u2019attenzione \u00e8 posta sul dinamismo della semina: il seme che viene gettato nella terra, sia che il contadino dorma sia che vegli, germoglia e cresce da solo. L\u2019uomo semina con la fiducia che il suo lavoro non sar\u00e0 infecondo. Ci\u00f2 che sostiene l\u2019agricoltore nelle sue quotidiane fatiche \u00e8 proprio la fiducia nella forza del seme e nella bont\u00e0 del terreno. Questa parabola richiama il mistero della creazione e della redenzione, dell\u2019opera feconda di Dio nella storia. E\u2019 Lui il Signore del Regno, l\u2019uomo \u00e8 suo umile collaboratore, che contempla e gioisce dell\u2019azione creatrice divina e ne attende con pazienza i frutti. Il raccolto finale ci fa pensare all\u2019intervento conclusivo di Dio alla fine dei tempi, quando Egli realizzer\u00e0 pienamente il suo Regno. Il tempo presente \u00e8 tempo di semina, e la crescita del seme \u00e8 assicurata dal Signore. Ogni cristiano, allora, sa bene di dover fare tutto quello che pu\u00f2, ma che il risultato finale dipende da Dio: questa consapevolezza lo sostiene nella fatica di ogni giorno, specialmente nelle situazioni difficili. A tale proposito scrive Sant\u2019 Ignazio di Loyola: \u00abAgisci come se tutto dipendesse da te, sapendo poi che in realt\u00e0 tutto dipende da Dio\u00bb (cfr Pedro de Ribadeneira,\u00a0<em>Vita di S. Ignazio di Loyola<\/em>, Milano 1998).<\/p>\n<ul>\n<li><a href=\"http:\/\/www.vatican.va\/holy_father\/benedict_xvi\/angelus\/2012\/documents\/hf_ben-xvi_ang_20120617_it.html\">Leggi tutto il messaggio<\/a> <em>\u00a9 Copyright 2011 &#8211; Libreria Editrice Vaticana<\/em><\/li>\n<li><a href=\"http:\/\/player.rv.va\/vaticanplayer.asp?language=it&amp;tic=VA_AAZI5GJP\"><em>Link al Video<\/em><\/a><\/li>\n<\/ul>\n<\/blockquote>\n<div class=\"powerpressbox\">[powerpress]<\/div>\n<p style=\"text-align: justify;\"><strong>Fonte<\/strong>: Radio Vaticana via FeedRss<\/p>\n<blockquote>\n<p style=\"text-align: justify;\"><span style=\"font-size: xx-small;\"><em>(The content of this podcast is copyrighted by Vatican Radio which, according to its statute, is entrusted to manage and protect the sound recordings of the Roman Pontiff, ensuring that their pastoral character and intellectual property&#8217;s rights are protected when used by third parties. The content of this podcast is made available only for personal and private use and cannot be exploited for commercial purposes, without prior written authorization by Vatican Radio. For further information, please contact the International Relation Office at relint@vatiradio.va)<\/em><\/span><\/p>\n<\/blockquote>\n","protected":false},"excerpt":{"rendered":"<p>Cari fratelli e sorelle, la liturgia odierna ci propone due brevi parabole di Ges\u00f9: quella del seme che cresce da solo e quella del granello di senape (cfr\u00a0Mc\u00a04,26\u201334). Attraverso immagini tratte dal mondo dell\u2019agricoltura, il Signore presenta il mistero della Parola e del Regno di Dio, e indica le ragioni della nostra speranza e del&#8230;<\/p>\n","protected":false},"author":3,"featured_media":0,"comment_status":"closed","ping_status":"closed","sticky":false,"template":"","format":"standard","meta":{"_kad_post_transparent":"","_kad_post_title":"","_kad_post_layout":"","_kad_post_sidebar_id":"","_kad_post_content_style":"","_kad_post_vertical_padding":"","_kad_post_feature":"","_kad_post_feature_position":"","_kad_post_header":false,"_kad_post_footer":false,"_kad_post_classname":"","footnotes":""},"categories":[102,114],"tags":[73,9],"class_list":["post-233789","post","type-post","status-publish","format-standard","hentry","category-102","category-angelus","tag-benedetto-xvi","tag-vaticano"],"_links":{"self":[{"href":"https:\/\/archivio.cercoiltuovolto.it\/index.php?rest_route=\/wp\/v2\/posts\/233789","targetHints":{"allow":["GET"]}}],"collection":[{"href":"https:\/\/archivio.cercoiltuovolto.it\/index.php?rest_route=\/wp\/v2\/posts"}],"about":[{"href":"https:\/\/archivio.cercoiltuovolto.it\/index.php?rest_route=\/wp\/v2\/types\/post"}],"author":[{"embeddable":true,"href":"https:\/\/archivio.cercoiltuovolto.it\/index.php?rest_route=\/wp\/v2\/users\/3"}],"replies":[{"embeddable":true,"href":"https:\/\/archivio.cercoiltuovolto.it\/index.php?rest_route=%2Fwp%2Fv2%2Fcomments&post=233789"}],"version-history":[{"count":0,"href":"https:\/\/archivio.cercoiltuovolto.it\/index.php?rest_route=\/wp\/v2\/posts\/233789\/revisions"}],"wp:attachment":[{"href":"https:\/\/archivio.cercoiltuovolto.it\/index.php?rest_route=%2Fwp%2Fv2%2Fmedia&parent=233789"}],"wp:term":[{"taxonomy":"category","embeddable":true,"href":"https:\/\/archivio.cercoiltuovolto.it\/index.php?rest_route=%2Fwp%2Fv2%2Fcategories&post=233789"},{"taxonomy":"post_tag","embeddable":true,"href":"https:\/\/archivio.cercoiltuovolto.it\/index.php?rest_route=%2Fwp%2Fv2%2Ftags&post=233789"}],"curies":[{"name":"wp","href":"https:\/\/api.w.org\/{rel}","templated":true}]}}