{"id":233769,"date":"2012-06-11T17:32:38","date_gmt":"2012-06-11T17:32:38","guid":{"rendered":"https:\/\/archivio.cercoiltuovolto.it\/?p=233769"},"modified":"2012-06-11T17:32:38","modified_gmt":"2012-06-11T17:32:38","slug":"commento-al-vangelo-del-17-giugno-2012-don-lello-ponticelli","status":"publish","type":"post","link":"https:\/\/archivio.cercoiltuovolto.it\/?p=233769","title":{"rendered":"Commento al Vangelo del 17 giugno 2012 &#8211; don Lello Ponticelli"},"content":{"rendered":"<h4 style=\"text-align: center;\"><em>Prediche senza Pulpito a cura di Don Lello Ponticelli dal <a href=\"http:\/\/www.orasorriso.it\">Santuario &#8220;Madonna delle Grazie&#8221; in Procida<\/a>. <br \/><\/em><\/h4>\n<blockquote>\n<p style=\"text-align: justify;\"><strong>Dal Vangelo di Ges\u00f9 Cristo secondo Marco\u00a0<span >4,26-34.<\/span>\u00a0<\/strong><br \/><span>D<\/span>iceva: \u00abIl regno di Dio \u00e8 come un uomo che getta il seme nella terra;\u00a0<br \/>dorma o vegli, di notte o di giorno, il seme germoglia e cresce; come, egli stesso non lo sa.\u00a0<br \/>Poich\u00e9 la terra produce spontaneamente, prima lo stelo, poi la spiga, poi il chicco pieno nella spiga.\u00a0<br \/>Quando il frutto \u00e8 pronto, subito si mette mano alla falce, perch\u00e9 \u00e8 venuta la mietitura\u00bb.\u00a0<br \/>Diceva: \u00abA che cosa possiamo paragonare il regno di Dio o con quale parabola possiamo descriverlo?\u00a0<br \/>Esso \u00e8 come un granellino di senapa che, quando viene seminato per terra, \u00e8 il pi\u00f9 piccolo di tutti semi che sono sulla terra;\u00a0<br \/>ma appena seminato cresce e diviene pi\u00f9 grande di tutti gli ortaggi e fa rami tanto grandi che gli uccelli del cielo possono ripararsi alla sua ombra\u00bb.\u00a0<br \/>Con molte parabole di questo genere annunziava loro la parola secondo quello che potevano intendere.\u00a0<br \/>Senza parabole non parlava loro; ma in privato, ai suoi discepoli, spiegava ogni cosa.\u00a0.<\/p>\n<\/blockquote>\n<p class=\"link\"><a href=\"http:\/\/youtu.be\/DQd2XQAJ1qw\">Link al video<\/a><\/p>\n","protected":false},"excerpt":{"rendered":"<p>Prediche senza Pulpito. Commento al Vangelo della domenica a cura di Don Lello Ponticelli dal Santuario &#8220;Madonna delle Grazie&#8221; in Procida.<\/p>\n","protected":false},"author":3,"featured_media":0,"comment_status":"closed","ping_status":"closed","sticky":false,"template":"","format":"standard","meta":{"_kad_post_transparent":"","_kad_post_title":"","_kad_post_layout":"","_kad_post_sidebar_id":"","_kad_post_content_style":"","_kad_post_vertical_padding":"","_kad_post_feature":"","_kad_post_feature_position":"","_kad_post_header":false,"_kad_post_footer":false,"_kad_post_classname":"","footnotes":""},"categories":[102,147],"tags":[172,83],"class_list":["post-233769","post","type-post","status-publish","format-standard","hentry","category-102","category-commento-al-vangelo","tag-vangelo-della-domenica","tag-youtube"],"_links":{"self":[{"href":"https:\/\/archivio.cercoiltuovolto.it\/index.php?rest_route=\/wp\/v2\/posts\/233769","targetHints":{"allow":["GET"]}}],"collection":[{"href":"https:\/\/archivio.cercoiltuovolto.it\/index.php?rest_route=\/wp\/v2\/posts"}],"about":[{"href":"https:\/\/archivio.cercoiltuovolto.it\/index.php?rest_route=\/wp\/v2\/types\/post"}],"author":[{"embeddable":true,"href":"https:\/\/archivio.cercoiltuovolto.it\/index.php?rest_route=\/wp\/v2\/users\/3"}],"replies":[{"embeddable":true,"href":"https:\/\/archivio.cercoiltuovolto.it\/index.php?rest_route=%2Fwp%2Fv2%2Fcomments&post=233769"}],"version-history":[{"count":0,"href":"https:\/\/archivio.cercoiltuovolto.it\/index.php?rest_route=\/wp\/v2\/posts\/233769\/revisions"}],"wp:attachment":[{"href":"https:\/\/archivio.cercoiltuovolto.it\/index.php?rest_route=%2Fwp%2Fv2%2Fmedia&parent=233769"}],"wp:term":[{"taxonomy":"category","embeddable":true,"href":"https:\/\/archivio.cercoiltuovolto.it\/index.php?rest_route=%2Fwp%2Fv2%2Fcategories&post=233769"},{"taxonomy":"post_tag","embeddable":true,"href":"https:\/\/archivio.cercoiltuovolto.it\/index.php?rest_route=%2Fwp%2Fv2%2Ftags&post=233769"}],"curies":[{"name":"wp","href":"https:\/\/api.w.org\/{rel}","templated":true}]}}