{"id":233764,"date":"2012-06-09T06:46:53","date_gmt":"2012-06-09T06:46:53","guid":{"rendered":"https:\/\/archivio.cercoiltuovolto.it\/?p=233764"},"modified":"2012-06-09T06:46:53","modified_gmt":"2012-06-09T06:46:53","slug":"divo-barsotti-il-sacerdote-il-mistico-il-padre","status":"publish","type":"post","link":"https:\/\/archivio.cercoiltuovolto.it\/?p=233764","title":{"rendered":"Divo Barsotti, il sacerdote, il mistico, il padre"},"content":{"rendered":"<p style=\"text-align: center;\"><img loading=\"lazy\" decoding=\"async\" class=\"aligncenter size-full wp-image-24434\" title=\"Divo Barsotti, il sacerdote, il mistico, il padre\" src=\"http:\/\/www.cercoiltuovolto.it\/wp-content\/uploads\/2012\/06\/Divo-Barsotti-il-sacerdote-il-mistico-il-padre.jpg\" alt=\"\" width=\"200\" height=\"306\" \/><\/p>\n<p style=\"text-align: justify;\">&#8220;Chi non si \u00e8 mai accostato al sacerdote fiorentino, o lo ha fatto solo saltuariamente, trova in questo libro una partenza per iniziare un viaggio affascinante. Pi\u00f9 leggo e studio l&#8217;opera di don Divo, pi\u00f9 resto conquistato dalla sua unit\u00e0 interiore, da una &#8220;logica intrinseca&#8221; che tiene assieme un&#8217;impressionante ricchezza di temi. Che cosa pone in essere questa unit\u00e0? Se ho visto bene, la contemplazione instancabile dell&#8217;Atto di Cristo, l&#8217;Atto con cui Cristo dona se stesso sulla Croce. Da qui la centralit\u00e0 dell&#8217;Eucarestia e della Liturgia: del &#8220;Mistero cristiano nella Liturgia&#8221;. Speriamo che quest&#8217;opera segni l&#8217;inizio di una conoscenza pi\u00f9 ampia, non limitata a qualche pubblicazione o congresso&#8221;. (dalla Prefazione del card. Carlo Caffarra)<\/p>\n<h3>Ascolta l&#8217;intervento dell&#8217;autore<\/h3>\n<\/p>\n<p class=\"acquista-paragrafo\"><a href=\"http:\/\/www.ibs.it\/code\/9788821572913\/tognetti-serafino\/divo-barsotti-sacerdote.html?shop=3462\" target=\"_blank\">Acquista il libro<\/a> su IBS<\/p>\n<p class=\"acquista-paragrafo\"><a href=\"http:\/\/www.libreriadelsanto.it\/libri\/9788821572913\/divo-barsotti.html?p=sot\" target=\"_blank\">Acquista il libro<\/a> su Libreria del Santo<\/p>\n","protected":false},"excerpt":{"rendered":"<p>&#8220;Chi non si \u00e8 mai accostato al sacerdote fiorentino, o lo ha fatto solo saltuariamente, trova in questo libro una partenza per iniziare un viaggio affascinante. Pi\u00f9 leggo e studio l&#8217;opera di don Divo, pi\u00f9 resto conquistato dalla sua unit\u00e0 interiore, da una &#8220;logica intrinseca&#8221; che tiene assieme un&#8217;impressionante ricchezza di temi. Che cosa pone&#8230;<\/p>\n","protected":false},"author":3,"featured_media":0,"comment_status":"closed","ping_status":"closed","sticky":false,"template":"","format":"standard","meta":{"_kad_post_transparent":"","_kad_post_title":"","_kad_post_layout":"","_kad_post_sidebar_id":"","_kad_post_content_style":"","_kad_post_vertical_padding":"","_kad_post_feature":"","_kad_post_feature_position":"","_kad_post_header":false,"_kad_post_footer":false,"_kad_post_classname":"","footnotes":""},"categories":[102,177],"tags":[17],"class_list":["post-233764","post","type-post","status-publish","format-standard","hentry","category-102","category-biografie","tag-libri"],"_links":{"self":[{"href":"https:\/\/archivio.cercoiltuovolto.it\/index.php?rest_route=\/wp\/v2\/posts\/233764","targetHints":{"allow":["GET"]}}],"collection":[{"href":"https:\/\/archivio.cercoiltuovolto.it\/index.php?rest_route=\/wp\/v2\/posts"}],"about":[{"href":"https:\/\/archivio.cercoiltuovolto.it\/index.php?rest_route=\/wp\/v2\/types\/post"}],"author":[{"embeddable":true,"href":"https:\/\/archivio.cercoiltuovolto.it\/index.php?rest_route=\/wp\/v2\/users\/3"}],"replies":[{"embeddable":true,"href":"https:\/\/archivio.cercoiltuovolto.it\/index.php?rest_route=%2Fwp%2Fv2%2Fcomments&post=233764"}],"version-history":[{"count":0,"href":"https:\/\/archivio.cercoiltuovolto.it\/index.php?rest_route=\/wp\/v2\/posts\/233764\/revisions"}],"wp:attachment":[{"href":"https:\/\/archivio.cercoiltuovolto.it\/index.php?rest_route=%2Fwp%2Fv2%2Fmedia&parent=233764"}],"wp:term":[{"taxonomy":"category","embeddable":true,"href":"https:\/\/archivio.cercoiltuovolto.it\/index.php?rest_route=%2Fwp%2Fv2%2Fcategories&post=233764"},{"taxonomy":"post_tag","embeddable":true,"href":"https:\/\/archivio.cercoiltuovolto.it\/index.php?rest_route=%2Fwp%2Fv2%2Ftags&post=233764"}],"curies":[{"name":"wp","href":"https:\/\/api.w.org\/{rel}","templated":true}]}}