{"id":233760,"date":"2012-06-06T16:48:37","date_gmt":"2012-06-06T16:48:37","guid":{"rendered":"https:\/\/archivio.cercoiltuovolto.it\/?p=233760"},"modified":"2012-06-06T16:48:37","modified_gmt":"2012-06-06T16:48:37","slug":"commento-al-vangelo-del-10-giugno-2012-don-mauro-pozzi","status":"publish","type":"post","link":"https:\/\/archivio.cercoiltuovolto.it\/?p=233760","title":{"rendered":"Commento al Vangelo del 10 giugno 2012 &#8211; don Mauro Pozzi"},"content":{"rendered":"<p style=\"text-align: justify;\">Il commento al Vangelo della domenica a cura di don Mauro Pozzi parroco della Parrocchia S. Giovanni Battista, Novara.<\/p>\n<blockquote>\n<p>GES\u00da SI FA CIBO<\/p>\n<p style=\"text-align: justify;\">Nel vangelo che abbiamo letto domenica scorsa Ges\u00f9 ha promesso di essere con noi fino alla fine del mondo. Uno dei modi in cui si rende presente \u00e8 nell\u2019ostia che consacriamo durante la messa. La prima volta che ha spezzato il pane per i suoi discepoli era durante la celebrazione della Pasqua ebraica. Voi sapete che quella festa per gli Ebrei ricorda la notte in cui si consum\u00f2 l\u2019ultima e la pi\u00f9 terribile delle piaghe d\u2019Egitto. Il Faraone si ostinava a non lasciar partire il popolo e il Signore lo castig\u00f2 duramente facendo morire i primogeniti degli uomini e degli animali. Un angelo pass\u00f2 attraverso il paese e risparmi\u00f2 solo gli Ebrei perch\u00e9 sulle loro porte c\u2019era un segno fatto col sangue di un agnello che ogni famiglia aveva sacrificato. Prima di lasciare le loro case essi mangiarono quell\u2019agnello arrostito sul fuoco, per cui furono salvati dal suo sangue e nutriti dalla sua carne. Da questo episodio e, rifacendoci anche al profeta Isaia che parla di Lui come dell\u2019Agnello condotto al macello, noi chiamiamo Ges\u00f9 l\u2019Agnello di Dio. L\u2019Egitto rappresenta la schiavit\u00f9 del peccato, perch\u00e9 quando ci si comporta male si \u00e8 infelici e prigionieri. Il Faraone \u00e8 l\u2019immagine del demonio che non vuole lasciarci andare e ci vorrebbe schiavi del male, ma il Signore \u00e8 molto pi\u00f9 potente e lo costringe alla resa. Non siamo noi che vinciamo, ma \u00e8 Dio che ci d\u00e0 la forza di vincere. Il viaggio che gli Ebrei fecero per arrivare alla terra promessa fu lunghissimo e faticoso e rappresenta la vita che non sempre \u00e8 facile. Anche durante il cammino Dio non fece mancare il cibo dando al popolo la manna, un pane che scendeva dal cielo, ma era ancora un alimento materiale, immagine di quello che sarebbe stata l\u2019eucarestia. Un giorno Ges\u00f9 parlando nella sinagoga di Cafarnao disse: io sono il pane disceso dal cielo! Capite allora che grande regalo ci fa il Signore? Lui sa che la strada \u00e8 lunga e difficile e dunque vuole sostenerci e darci forza per cui si fa lui stesso cibo per noi. Continuando il suo discorso disse ancora che chi mangia questo pane, cio\u00e8 l\u2019ostia che \u00e8 il suo corpo, avr\u00e0 la vita eterna e tutti quelli che ascoltavano esclamarono: Signore dacci sempre questo pane! Questa deve diventare la nostra preghiera, perch\u00e9 se ci manca la forza durante il cammino della vita rimarremo schiavi in Egitto. Il cibo quando \u00e8 digerito diventa parte del corpo, diventa sangue, carne e ossa. Ges\u00f9 si fa mangiare da noi per diventare parte di noi. Ringraziamolo con tutto il cuore e non smettiamo mai di desiderare questo pane del cielo.<\/p>\n<\/blockquote>\n<p><a href=\"http:\/\/www.youtube.com\/watch?v=E5vR9LIuD20\">Link al video<\/a><\/p>\n<p>Mc 14, 12-16. 22-26<\/p>\n<p style=\"text-align: justify;\">Il primo giorno degli \u00c0zzimi, quando si immolava la Pa- squa, i discepoli dissero a Ges\u00f9: \u00abDove vuoi che an- diamo a preparare, perch\u00e9 tu possa mangiare la Pa- squa?\u00bb. Allora mand\u00f2 due dei suoi discepoli, dicendo loro: \u00abAndate in citt\u00e0 e vi verr\u00e0 incontro un uomo con una brocca d&#8217;acqua; segui- telo. L\u00e0 dove entrer\u00e0, dite al padrone di casa: &#8220;Il Maestro dice: Dov&#8217;\u00e8 la mia stanza, in cui io possa mangiare la Pasqua con i miei discepo- li?. Egli vi mostrer\u00e0 al piano superiore una grande sala arredata e gi\u00e0 pronta; l\u00ec pre- parate la cena per noi\u00bb. I discepoli andarono e, entrati in citt\u00e0, trovarono come a- veva detto loro e prepararo- no la Pasqua. Mentre man- giavano, prese il pane e recit\u00f2 la benedizione, lo spezz\u00f2 e lo diede loro, di- cendo: \u00abPrendete, questo \u00e8 il mio corpo\u00bb. Poi prese un calice e rese grazie, lo die- de loro e ne bevvero tutti. E disse loro: \u00abQuesto \u00e8 il mio sangue dell&#8217;alleanza, che \u00e8 versato per molti. In verit\u00e0 io vi dico che non berr\u00f2 mai pi\u00f9 del frutto della vite fino al giorno in cui lo berr\u00f2 nuo- vo, nel regno di Dio\u00bb. Dopo aver cantato l&#8217;inno, uscirono verso il monte degli Ulivi.<\/p>\n","protected":false},"excerpt":{"rendered":"<p>Il commento al Vangelo della domenica a cura di don Mauro Pozzi parroco della Parrocchia S. Giovanni Battista, Novara.<\/p>\n","protected":false},"author":3,"featured_media":0,"comment_status":"closed","ping_status":"closed","sticky":false,"template":"","format":"standard","meta":{"_kad_post_transparent":"","_kad_post_title":"","_kad_post_layout":"","_kad_post_sidebar_id":"","_kad_post_content_style":"","_kad_post_vertical_padding":"","_kad_post_feature":"","_kad_post_feature_position":"","_kad_post_header":false,"_kad_post_footer":false,"_kad_post_classname":"","footnotes":""},"categories":[102,147],"tags":[364,388,172],"class_list":["post-233760","post","type-post","status-publish","format-standard","hentry","category-102","category-commento-al-vangelo","tag-corpus-domini","tag-don-mauro-pozzi","tag-vangelo-della-domenica"],"_links":{"self":[{"href":"https:\/\/archivio.cercoiltuovolto.it\/index.php?rest_route=\/wp\/v2\/posts\/233760","targetHints":{"allow":["GET"]}}],"collection":[{"href":"https:\/\/archivio.cercoiltuovolto.it\/index.php?rest_route=\/wp\/v2\/posts"}],"about":[{"href":"https:\/\/archivio.cercoiltuovolto.it\/index.php?rest_route=\/wp\/v2\/types\/post"}],"author":[{"embeddable":true,"href":"https:\/\/archivio.cercoiltuovolto.it\/index.php?rest_route=\/wp\/v2\/users\/3"}],"replies":[{"embeddable":true,"href":"https:\/\/archivio.cercoiltuovolto.it\/index.php?rest_route=%2Fwp%2Fv2%2Fcomments&post=233760"}],"version-history":[{"count":0,"href":"https:\/\/archivio.cercoiltuovolto.it\/index.php?rest_route=\/wp\/v2\/posts\/233760\/revisions"}],"wp:attachment":[{"href":"https:\/\/archivio.cercoiltuovolto.it\/index.php?rest_route=%2Fwp%2Fv2%2Fmedia&parent=233760"}],"wp:term":[{"taxonomy":"category","embeddable":true,"href":"https:\/\/archivio.cercoiltuovolto.it\/index.php?rest_route=%2Fwp%2Fv2%2Fcategories&post=233760"},{"taxonomy":"post_tag","embeddable":true,"href":"https:\/\/archivio.cercoiltuovolto.it\/index.php?rest_route=%2Fwp%2Fv2%2Ftags&post=233760"}],"curies":[{"name":"wp","href":"https:\/\/api.w.org\/{rel}","templated":true}]}}