{"id":233758,"date":"2012-06-05T06:13:11","date_gmt":"2012-06-05T06:13:11","guid":{"rendered":"https:\/\/archivio.cercoiltuovolto.it\/?p=233758"},"modified":"2012-06-05T06:13:11","modified_gmt":"2012-06-05T06:13:11","slug":"commento-al-vangelo-del-10-giugno-2012-don-claudio-doglio","status":"publish","type":"post","link":"https:\/\/archivio.cercoiltuovolto.it\/?p=233758","title":{"rendered":"Commento al Vangelo del 10 giugno 2012 &#8211; don Claudio Doglio"},"content":{"rendered":"<p style=\"text-align: center;\">\n<p style=\"text-align: justify;\">Il commento alle Letture della <strong>Domenica del Corpus Domini<\/strong> a cura di don Claudio Doglio.<\/p>\n<blockquote>\n<p style=\"text-align: justify;\"><em><strong>Dal Vangelo di Ges\u00f9 Cristo secondo Marco\u00a0<span >3,20-35.<\/span>\u00a0<\/strong><br \/><span>E<\/span>ntr\u00f2 in una casa e si radun\u00f2 di nuovo attorno a lui molta folla, al punto che non potevano neppure prendere cibo.\u00a0<br \/>Allora i suoi, sentito questo, uscirono per andare a prenderlo; poich\u00e9 dicevano: \u00abE&#8217; fuori di s\u00e9\u00bb.\u00a0<br \/>Ma gli scribi, che erano discesi da Gerusalemme, dicevano: \u00abCostui \u00e8 posseduto da Beelzeb\u00f9l e scaccia i dem\u00f2ni per mezzo del principe dei dem\u00f2ni\u00bb.\u00a0<br \/>Ma egli, chiamatili, diceva loro in parabole: \u00abCome pu\u00f2 satana scacciare satana?\u00a0<br \/>Se un regno \u00e8 diviso in se stesso, quel regno non pu\u00f2 reggersi;\u00a0<br \/>se una casa \u00e8 divisa in se stessa, quella casa non pu\u00f2 reggersi.\u00a0<br \/>Alla stessa maniera, se satana si ribella contro se stesso ed \u00e8 diviso, non pu\u00f2 resistere, ma sta per finire.\u00a0<br \/>Nessuno pu\u00f2 entrare nella casa di un uomo forte e rapire le sue cose se prima non avr\u00e0 legato l&#8217;uomo forte; allora ne sacchegger\u00e0 la casa.\u00a0<br \/>In verit\u00e0 vi dico: tutti i peccati saranno perdonati ai figli degli uomini e anche tutte le bestemmie che diranno;\u00a0<br \/>ma chi avr\u00e0 bestemmiato contro lo Spirito santo, non avr\u00e0 perdono in eterno: sar\u00e0 reo di colpa eterna\u00bb.\u00a0<br \/>Poich\u00e9 dicevano: \u00abE&#8217; posseduto da uno spirito immondo\u00bb.\u00a0<br \/>Giunsero sua madre e i suoi fratelli e, stando fuori, lo mandarono a chiamare.\u00a0<br \/>Tutto attorno era seduta la folla e gli dissero: \u00abEcco tua madre, i tuoi fratelli e le tue sorelle sono fuori e ti cercano\u00bb.\u00a0<br \/>Ma egli rispose loro: \u00abChi \u00e8 mia madre e chi sono i miei fratelli?\u00bb.\u00a0<br \/>Girando lo sguardo su quelli che gli stavano seduti attorno, disse: \u00abEcco mia madre e i miei fratelli!\u00a0<br \/>Chi compie la volont\u00e0 di Dio, costui \u00e8 mio fratello, sorella e madre\u00bb.\u00a0<\/em><\/p>\n<\/blockquote>\n<p class=\"link\" style=\"text-align: left;\"><a href=\"http:\/\/youtu.be\/Xxg1kzu4220\">Link al video<\/a><\/p>\n","protected":false},"excerpt":{"rendered":"<p>Il commento alle Letture della Domenica del Corpus Domini a cura di don Claudio Doglio. Dal Vangelo di Ges\u00f9 Cristo secondo Marco\u00a03,20-35.\u00a0Entr\u00f2 in una casa e si radun\u00f2 di nuovo attorno a lui molta folla, al punto che non potevano neppure prendere cibo.\u00a0Allora i suoi, sentito questo, uscirono per andare a prenderlo; poich\u00e9 dicevano: \u00abE&#8217;&#8230;<\/p>\n","protected":false},"author":3,"featured_media":0,"comment_status":"closed","ping_status":"closed","sticky":false,"template":"","format":"standard","meta":{"_kad_post_transparent":"","_kad_post_title":"","_kad_post_layout":"","_kad_post_sidebar_id":"","_kad_post_content_style":"","_kad_post_vertical_padding":"","_kad_post_feature":"","_kad_post_feature_position":"","_kad_post_header":false,"_kad_post_footer":false,"_kad_post_classname":"","footnotes":""},"categories":[102,147],"tags":[364,208,24],"class_list":["post-233758","post","type-post","status-publish","format-standard","hentry","category-102","category-commento-al-vangelo","tag-corpus-domini","tag-don-claudio-doglio","tag-televisione"],"_links":{"self":[{"href":"https:\/\/archivio.cercoiltuovolto.it\/index.php?rest_route=\/wp\/v2\/posts\/233758","targetHints":{"allow":["GET"]}}],"collection":[{"href":"https:\/\/archivio.cercoiltuovolto.it\/index.php?rest_route=\/wp\/v2\/posts"}],"about":[{"href":"https:\/\/archivio.cercoiltuovolto.it\/index.php?rest_route=\/wp\/v2\/types\/post"}],"author":[{"embeddable":true,"href":"https:\/\/archivio.cercoiltuovolto.it\/index.php?rest_route=\/wp\/v2\/users\/3"}],"replies":[{"embeddable":true,"href":"https:\/\/archivio.cercoiltuovolto.it\/index.php?rest_route=%2Fwp%2Fv2%2Fcomments&post=233758"}],"version-history":[{"count":0,"href":"https:\/\/archivio.cercoiltuovolto.it\/index.php?rest_route=\/wp\/v2\/posts\/233758\/revisions"}],"wp:attachment":[{"href":"https:\/\/archivio.cercoiltuovolto.it\/index.php?rest_route=%2Fwp%2Fv2%2Fmedia&parent=233758"}],"wp:term":[{"taxonomy":"category","embeddable":true,"href":"https:\/\/archivio.cercoiltuovolto.it\/index.php?rest_route=%2Fwp%2Fv2%2Fcategories&post=233758"},{"taxonomy":"post_tag","embeddable":true,"href":"https:\/\/archivio.cercoiltuovolto.it\/index.php?rest_route=%2Fwp%2Fv2%2Ftags&post=233758"}],"curies":[{"name":"wp","href":"https:\/\/api.w.org\/{rel}","templated":true}]}}