{"id":233745,"date":"2012-06-01T09:04:45","date_gmt":"2012-06-01T09:04:45","guid":{"rendered":"https:\/\/archivio.cercoiltuovolto.it\/?p=233745"},"modified":"2012-06-01T09:04:45","modified_gmt":"2012-06-01T09:04:45","slug":"commento-al-vangelo-del-3-giugno-2012-don-mauro-pozzi","status":"publish","type":"post","link":"https:\/\/archivio.cercoiltuovolto.it\/?p=233745","title":{"rendered":"Commento al Vangelo del 3 giugno 2012 &#8211; don Mauro Pozzi"},"content":{"rendered":"<p style=\"text-align: justify;\">Il commento al Vangelo della domenica a cura di don Mauro Pozzi parroco della Parrocchia S. Giovanni Battista, Novara.<\/p>\n<blockquote>\n<h3 style=\"text-align: justify;\">IL MISTERO INFINITO<\/h3>\n<p style=\"text-align: justify;\">Quello che noi sappiamo di Dio \u00e8 frutto di rivelazione, cio\u00e8 quanto Egli stesso ha manifestato agli uomini nel corso della storia della salvezza. Nell\u2019Antico Testamento Dio \u00e8 il creatore da cui ogni cosa trae origine e significato. La grande novit\u00e0 \u00e8 la Sua unicit\u00e0. Nessun popolo praticava un culto monoteistico, ma erano adorati molti di dei cui venivano attribuite caratteristiche diverse. La rivelazione di JHWH ad Abramo segna l\u2019inizio dell\u2019ebraismo e si impone come una discontinuit\u00e0 difficilmente spiegabile come invenzione umana. Gli ebrei, bench\u00e9 piuttosto arretrati dal punto di vista civile e sociale rispetto ai popoli vicini, erano assolutamente all\u2019avanguardia sul piano religioso. Non solo credevano in un Dio unico, ma non lo rappresentavano in nessun modo. \u00c8 Dio a creare il suo popolo e non il popolo a figurarsi una divinit\u00e0 a propria immagine. Egli \u00e8 il grande legislatore che regola ogni aspetto della creazione, dalla materia allo spirito: osserva dunque le sue leggi e i suoi comandi che oggi ti do, perch\u00e9 sia felice tu e i tuoi figli dopo di te. Il suo scopo non \u00e8 quello di tiranneggiare l\u2019umanit\u00e0, ma di farla crescere e condurla alla felicit\u00e0. Questo aspetto \u00e8 davvero cruciale. Il nostro Dio non vive in un Olimpo remoto dimenticandosi del suo creato, ma vuole insegnarci a usare bene la nostra libert\u00e0. Continuamente suscita tra il popolo delle guide, i giudici e i profeti, ai quali affida il compito di spronare l\u2019uomo a scegliere la via del Bene, cio\u00e8 Lui stesso, e a fuggire il male, vera causa della precariet\u00e0 della nostra vita. Tutti questi inviati sono figura del Messia, il Consacrato che perfezioner\u00e0 la rivelazione di Dio al suo popolo. \u00c8 in Cristo, che ci fa dono dello Spirito Santo, che si manifesta la misteriosa pluralit\u00e0 dell\u2019Unico. Colui che \u00e8 Infinito non ha numero, ma \u00e8 contemporaneamente singolare e plurale. Le Persone divine sono legate da un amore altrettanto Infinito. Dio vuole attirarci in questo legame, farci partecipare della sua natura e ci chiede di amarci in modo da esprimere e testimoniare con la vita che siamo suoi figli. Questa sua tensione verso l\u2019uomo ci permette di incontrarlo. Leggendo le testimonianze dei Santi vediamo che essi ne parlano come di una realt\u00e0 viva. Ges\u00f9 \u00e8 vivo, non \u00e8 un concetto o un personaggio del passato. Ci rivela il Padre e ci dona lo Spirito. Si fa cibo, \u00e8 con noi fino alla fine del mondo, parla al cuore. Questa \u00e8 la Trinit\u00e0, un Dio che ci ama, un Dio che desidera di essere amato. Mettiamoci allora in ascolto, chiediamogli di manifestarci la sua presenza e di darci la grazia di incontrarlo.<\/p>\n<\/blockquote>\n<p><a href=\"http:\/\/www.youtube.com\/watch?v=WEDpOenVcJ0\">Link al video<\/a><\/p>\n<p>Mt 28, 16-20 In quel tempo, gli undici discepoli andarono in Gali- lea, sul monte che Ges\u00f9 aveva loro indicato. Quando lo videro, si pro- strarono. Essi per\u00f2 dubitarono. Ges\u00f9 si avvicin\u00f2 e disse loro: \u00abA me \u00e8 stato dato ogni potere in cielo e sulla terra. Andate dunque e fate discepoli tutti i popoli, battezzan- doli nel nome del Padre e del Figlio e dello Spirito Santo, insegnando loro a osservare tutto ci\u00f2 che vi ho comandato. Ed ecco, io sono con voi tutti i giorni, fi- no alla fine del mondo\u00bb.<\/p>\n","protected":false},"excerpt":{"rendered":"<p>Il commento al Vangelo della domenica a cura di don Mauro Pozzi parroco della Parrocchia S. Giovanni Battista, Novara.<\/p>\n","protected":false},"author":3,"featured_media":0,"comment_status":"closed","ping_status":"closed","sticky":false,"template":"","format":"standard","meta":{"_kad_post_transparent":"","_kad_post_title":"","_kad_post_layout":"","_kad_post_sidebar_id":"","_kad_post_content_style":"","_kad_post_vertical_padding":"","_kad_post_feature":"","_kad_post_feature_position":"","_kad_post_header":false,"_kad_post_footer":false,"_kad_post_classname":"","footnotes":""},"categories":[102,147],"tags":[388,522,172],"class_list":["post-233745","post","type-post","status-publish","format-standard","hentry","category-102","category-commento-al-vangelo","tag-don-mauro-pozzi","tag-santissima-trinita","tag-vangelo-della-domenica"],"_links":{"self":[{"href":"https:\/\/archivio.cercoiltuovolto.it\/index.php?rest_route=\/wp\/v2\/posts\/233745","targetHints":{"allow":["GET"]}}],"collection":[{"href":"https:\/\/archivio.cercoiltuovolto.it\/index.php?rest_route=\/wp\/v2\/posts"}],"about":[{"href":"https:\/\/archivio.cercoiltuovolto.it\/index.php?rest_route=\/wp\/v2\/types\/post"}],"author":[{"embeddable":true,"href":"https:\/\/archivio.cercoiltuovolto.it\/index.php?rest_route=\/wp\/v2\/users\/3"}],"replies":[{"embeddable":true,"href":"https:\/\/archivio.cercoiltuovolto.it\/index.php?rest_route=%2Fwp%2Fv2%2Fcomments&post=233745"}],"version-history":[{"count":0,"href":"https:\/\/archivio.cercoiltuovolto.it\/index.php?rest_route=\/wp\/v2\/posts\/233745\/revisions"}],"wp:attachment":[{"href":"https:\/\/archivio.cercoiltuovolto.it\/index.php?rest_route=%2Fwp%2Fv2%2Fmedia&parent=233745"}],"wp:term":[{"taxonomy":"category","embeddable":true,"href":"https:\/\/archivio.cercoiltuovolto.it\/index.php?rest_route=%2Fwp%2Fv2%2Fcategories&post=233745"},{"taxonomy":"post_tag","embeddable":true,"href":"https:\/\/archivio.cercoiltuovolto.it\/index.php?rest_route=%2Fwp%2Fv2%2Ftags&post=233745"}],"curies":[{"name":"wp","href":"https:\/\/api.w.org\/{rel}","templated":true}]}}