{"id":233723,"date":"2012-05-26T07:33:54","date_gmt":"2012-05-26T07:33:54","guid":{"rendered":"https:\/\/archivio.cercoiltuovolto.it\/?p=233723"},"modified":"2012-05-26T07:33:54","modified_gmt":"2012-05-26T07:33:54","slug":"riflessione-sul-vangelo-domenica-di-pentecoste-anno-b-27-maggio-2012","status":"publish","type":"post","link":"https:\/\/archivio.cercoiltuovolto.it\/?p=233723","title":{"rendered":"Riflessione sul Vangelo: Domenica di Pentecoste (anno B) &#8211; 27 maggio 2012"},"content":{"rendered":"<p style=\"text-align: center;\">\n<p style=\"text-align: justify;\">&#8220;<em>La Parola di Dio<\/em>&#8220;, canale YouTube del prolifico Don Mauro di <a href=\"http:\/\/www.graficapastorale.it\"><strong>graficapastorale.it<\/strong><\/a>, propone una riflessione sul brano del Vangelo di domenica prossima<strong>, Giovanni 15,26-27.16,12-15<\/strong><strong>.<\/strong><\/p>\n<blockquote>\n<h4>Chi desidera automaticamente avere il testo delle riflessioni, mandi il proprio indirizzo email a riflessionevangelo@graficapastorale.com che lo spedir\u00e0 ogni settimana.<\/h4>\n<\/blockquote>\n<blockquote style=\"text-align: justify;\">\n<p><em><\/em><span>Q<\/span>uando verr\u00e0 il Consolatore che io vi mander\u00f2 dal Padre, lo Spirito di verit\u00e0 che procede dal Padre, egli mi render\u00e0 testimonianza;\u00a0<br \/>e anche voi mi renderete testimonianza, perch\u00e9 siete stati con me fin dal principio.\u00a0<br \/>Molte cose ho ancora da dirvi, ma per il momento non siete capaci di portarne il peso.\u00a0<br \/>Quando per\u00f2 verr\u00e0 lo Spirito di verit\u00e0, egli vi guider\u00e0 alla verit\u00e0 tutta intera, perch\u00e9 non parler\u00e0 da s\u00e9, ma dir\u00e0 tutto ci\u00f2 che avr\u00e0 udito e vi annunzier\u00e0 le cose future.\u00a0<br \/>Egli mi glorificher\u00e0, perch\u00e9 prender\u00e0 del mio e ve l&#8217;annunzier\u00e0.\u00a0<br \/>Tutto quello che il Padre possiede \u00e8 mio; per questo ho detto che prender\u00e0 del mio e ve l&#8217;annunzier\u00e0.\u00a0<\/p>\n<\/blockquote>\n<p class=\"link\"><a href=\"http:\/\/www.youtube.com\/watch?v=DR1PR3i3oew\">Link al Video<\/a><\/p>\n","protected":false},"excerpt":{"rendered":"<p>&#8220;La Parola di Dio&#8221;, canale YouTube del prolifico Don Mauro di graficapastorale.it, propone una riflessione sul brano del Vangelo di domenica prossima, xxxxxxxx.<\/p>\n","protected":false},"author":3,"featured_media":0,"comment_status":"closed","ping_status":"closed","sticky":false,"template":"","format":"standard","meta":{"_kad_post_transparent":"","_kad_post_title":"","_kad_post_layout":"","_kad_post_sidebar_id":"","_kad_post_content_style":"","_kad_post_vertical_padding":"","_kad_post_feature":"","_kad_post_feature_position":"","_kad_post_header":false,"_kad_post_footer":false,"_kad_post_classname":"","footnotes":""},"categories":[102,147],"tags":[215,172,83],"class_list":["post-233723","post","type-post","status-publish","format-standard","hentry","category-102","category-commento-al-vangelo","tag-pentecoste","tag-vangelo-della-domenica","tag-youtube"],"_links":{"self":[{"href":"https:\/\/archivio.cercoiltuovolto.it\/index.php?rest_route=\/wp\/v2\/posts\/233723","targetHints":{"allow":["GET"]}}],"collection":[{"href":"https:\/\/archivio.cercoiltuovolto.it\/index.php?rest_route=\/wp\/v2\/posts"}],"about":[{"href":"https:\/\/archivio.cercoiltuovolto.it\/index.php?rest_route=\/wp\/v2\/types\/post"}],"author":[{"embeddable":true,"href":"https:\/\/archivio.cercoiltuovolto.it\/index.php?rest_route=\/wp\/v2\/users\/3"}],"replies":[{"embeddable":true,"href":"https:\/\/archivio.cercoiltuovolto.it\/index.php?rest_route=%2Fwp%2Fv2%2Fcomments&post=233723"}],"version-history":[{"count":0,"href":"https:\/\/archivio.cercoiltuovolto.it\/index.php?rest_route=\/wp\/v2\/posts\/233723\/revisions"}],"wp:attachment":[{"href":"https:\/\/archivio.cercoiltuovolto.it\/index.php?rest_route=%2Fwp%2Fv2%2Fmedia&parent=233723"}],"wp:term":[{"taxonomy":"category","embeddable":true,"href":"https:\/\/archivio.cercoiltuovolto.it\/index.php?rest_route=%2Fwp%2Fv2%2Fcategories&post=233723"},{"taxonomy":"post_tag","embeddable":true,"href":"https:\/\/archivio.cercoiltuovolto.it\/index.php?rest_route=%2Fwp%2Fv2%2Ftags&post=233723"}],"curies":[{"name":"wp","href":"https:\/\/api.w.org\/{rel}","templated":true}]}}