{"id":233722,"date":"2012-05-25T06:08:41","date_gmt":"2012-05-25T06:08:41","guid":{"rendered":"https:\/\/archivio.cercoiltuovolto.it\/?p=233722"},"modified":"2012-05-25T06:08:41","modified_gmt":"2012-05-25T06:08:41","slug":"social-network-luoghi-educativi","status":"publish","type":"post","link":"https:\/\/archivio.cercoiltuovolto.it\/?p=233722","title":{"rendered":"Social network, luoghi educativi?"},"content":{"rendered":"<p style=\"text-align: justify;\">Il social network pi\u00f9 frequentato del mondo, Facebook, non va demonizzato da genitori ed educatori e pu\u00f2 anzi diventare per i giovani un&#8217;occasione di crescita, se utilizzato con consapevolezza e responsabilit\u00e0. E&#8217; la tesi di fondo del volumetto <a title=\"Facebook internet e i social network \u2013 Una guida per genitori ed educatori\" href=\"http:\/\/www.cercoiltuovolto.it\/2012\/libri\/facebook-internet-social-network-una-guida-genitori-ed-educatori\/\">\u201cFacebook, internet e i digital media \u2013 Una guida per genitori ed educatori\u201d<\/a> (San Paolo) del sacerdote don Paolo Padrini, da tempo impegnato nella pastorale digitale. Un agile manuale, anche pratico, che con realismo ma senza pregiudizi, risponde alle preoccupazioni di madri e padri affrontando la sfida di trasformare Facebook in luogo educativo.<\/p>\n<blockquote>\n<p style=\"text-align: justify;\">&#8220;Non chiedere l&#8217;amicizia ai figli sui social network; non sminuire la loro importanza nella vita del ragazzo; chiedere ai figli le password ma non spiarli in rete&#8221;<\/p>\n<\/blockquote>\n<p style=\"text-align: justify;\">sono alcuni consigli pratici forniti da don Paolo. &#8220;Come ha scritto Benedetto XVI &#8211; spiega il sacerdote &#8211; la presenza nei social network pu\u00f2 essere il segno autentico di incontro personale con l&#8217;altro, se si fa attenzione ad evitarne i pericoli&#8221;.<\/p>\n<p style=\"text-align: justify;\"><a href=\"http:\/\/www.cercoiltuovolto.it\/wp-content\/uploads\/2012\/05\/9788825029833.jpg\"><img loading=\"lazy\" decoding=\"async\" class=\"alignleft size-medium wp-image-24277\" title=\"9788825029833\" src=\"http:\/\/www.cercoiltuovolto.it\/wp-content\/uploads\/2012\/05\/9788825029833-171x300.jpg\" alt=\"\" width=\"171\" height=\"300\" \/><\/a>Un&#8217;altra riflessione interessante, sempre sul fronte ecclesiale, su come i social network stiano trasformando antropologicamente la nostra vita, e soprattutto quelle dei nativi digitali, \u00e8 contenuta nel volume <a href=\"http:\/\/www.libreriadelsanto.it\/libri\/9788825029833\/cambiati-dalla-rete.html?p=sot\">&#8220;Cambiati dalla rete&#8221; (Edizioni Messaggero Padova)<\/a>\u00a0&#8211; <a href=\"http:\/\/www.libreriadelsanto.it\/ebook\/9788825030884\/cambiati-dalla-rete-vivere-le-relazioni-al-tempo-dei-social-network.html?p=sot\">anche in versione ebook<\/a> &#8211;\u00a0, curato da don Giacomo Ruggeri, sacerdote marchigiano, docente di teologia, pastorale della comunicazione ed etica dei new media. &#8220;Ogni tanto &#8211; spiega don Giacomo &#8211; ci farebbe bene un po&#8217; di dieta mediatica, rinunciare a Facebook per recuperare il senso reale e profondo dell&#8217;amicizia&#8221;. &#8220;Dietro l&#8217;uso compulsivo dei socialnetwork c&#8217;\u00e8 spesso la paura del silenzio, dell&#8217;anonimato, della solitudine. Ma il loro uso non deve far trascurare &#8211; come ha ricordato il Papa &#8211; l&#8217;importanza dell&#8217;incontro personale, faccia a faccia. Dobbiamo lasciarci educare al Vangelo dai media, intercettare le richieste di spiritualit\u00e0 che trovamo sul web, ma, con saggezza, prudenza e intelligenza, senza perdere il contatto con la terra ferma&#8221;.<\/p>\n<p style=\"text-align: justify;\">(a cura di Fabio Colagrande)<\/p>\n<div class=\"powerpressbox\">[powerpress]<\/div>\n<div><\/div>\n","protected":false},"excerpt":{"rendered":"<p>Il social network pi\u00f9 frequentato del mondo, Facebook, non va demonizzato da genitori ed educatori e pu\u00f2 anzi diventare per i giovani un&#8217;occasione di crescita, se utilizzato con consapevolezza e responsabilit\u00e0. E&#8217; la tesi di fondo del volumetto \u201cFacebook, internet e i digital media \u2013 Una guida per genitori ed educatori\u201d (San Paolo) del sacerdote&#8230;<\/p>\n","protected":false},"author":3,"featured_media":0,"comment_status":"closed","ping_status":"closed","sticky":false,"template":"","format":"standard","meta":{"_kad_post_transparent":"","_kad_post_title":"","_kad_post_layout":"","_kad_post_sidebar_id":"","_kad_post_content_style":"","_kad_post_vertical_padding":"","_kad_post_feature":"","_kad_post_feature_position":"","_kad_post_header":false,"_kad_post_footer":false,"_kad_post_classname":"","footnotes":""},"categories":[102,3],"tags":[17,615],"class_list":["post-233722","post","type-post","status-publish","format-standard","hentry","category-102","category-libri","tag-libri","tag-social-networks"],"_links":{"self":[{"href":"https:\/\/archivio.cercoiltuovolto.it\/index.php?rest_route=\/wp\/v2\/posts\/233722","targetHints":{"allow":["GET"]}}],"collection":[{"href":"https:\/\/archivio.cercoiltuovolto.it\/index.php?rest_route=\/wp\/v2\/posts"}],"about":[{"href":"https:\/\/archivio.cercoiltuovolto.it\/index.php?rest_route=\/wp\/v2\/types\/post"}],"author":[{"embeddable":true,"href":"https:\/\/archivio.cercoiltuovolto.it\/index.php?rest_route=\/wp\/v2\/users\/3"}],"replies":[{"embeddable":true,"href":"https:\/\/archivio.cercoiltuovolto.it\/index.php?rest_route=%2Fwp%2Fv2%2Fcomments&post=233722"}],"version-history":[{"count":0,"href":"https:\/\/archivio.cercoiltuovolto.it\/index.php?rest_route=\/wp\/v2\/posts\/233722\/revisions"}],"wp:attachment":[{"href":"https:\/\/archivio.cercoiltuovolto.it\/index.php?rest_route=%2Fwp%2Fv2%2Fmedia&parent=233722"}],"wp:term":[{"taxonomy":"category","embeddable":true,"href":"https:\/\/archivio.cercoiltuovolto.it\/index.php?rest_route=%2Fwp%2Fv2%2Fcategories&post=233722"},{"taxonomy":"post_tag","embeddable":true,"href":"https:\/\/archivio.cercoiltuovolto.it\/index.php?rest_route=%2Fwp%2Fv2%2Ftags&post=233722"}],"curies":[{"name":"wp","href":"https:\/\/api.w.org\/{rel}","templated":true}]}}