{"id":233710,"date":"2012-05-20T22:40:26","date_gmt":"2012-05-20T22:40:26","guid":{"rendered":"https:\/\/archivio.cercoiltuovolto.it\/?p=233710"},"modified":"2012-05-20T22:40:26","modified_gmt":"2012-05-20T22:40:26","slug":"benedetto-xvi-regina-caeli-del-20-maggio-2012-mp3","status":"publish","type":"post","link":"https:\/\/archivio.cercoiltuovolto.it\/?p=233710","title":{"rendered":"Benedetto XVI &#8211; Regina Caeli del 20 maggio 2012 in mp3"},"content":{"rendered":"<blockquote>\n<p style=\"text-align: center;\">\n<p><em>Cari fratelli e sorelle!<\/em><\/p>\n<p style=\"text-align: justify;\">Quaranta giorni dopo la Risurrezione \u2013 secondo il Libro degli\u00a0<em>Atti degli Apostoli<\/em>\u00a0\u2013 Ges\u00f9 ascese al Cielo, cio\u00e8 ritorn\u00f2 al Padre, dal quale era stato mandato nel mondo. In molti Paesi questo mistero viene celebrato non il gioved\u00ec, ma oggi, la domenica seguente. L\u2019Ascensione del Signore segna il compiersi della salvezza iniziata con l\u2019Incarnazione. Dopo avere istruito per l\u2019ultima volta i suoi discepoli, Ges\u00f9 sale al cielo (cfr\u00a0<em>Mc<\/em>\u00a016,19). Egli, per\u00f2, \u00abnon si \u00e8 separato dalla nostra condizione\u00bb (cfr\u00a0<em>Prefazio<\/em>); infatti, nella sua umanit\u00e0, ha assunto con s\u00e9 gli uomini nell\u2019intimit\u00e0 del Padre e cos\u00ec ha rivelato la destinazione finale del nostro pellegrinaggio terreno. Come per noi \u00e8 disceso dal Cielo, e per noi ha patito ed \u00e8 morto sulla croce, cos\u00ec per noi \u00e8 risorto ed \u00e8 risalito a Dio, che perci\u00f2 non \u00e8 pi\u00f9 lontano. San Leone Magno spiega che con questo mistero \u00abviene proclamata non solo l\u2019immortalit\u00e0 dell\u2019anima, ma anche quella della carne. Oggi, infatti, non solo siamo confermati possessori del paradiso, ma siamo anche penetrati in Cristo nelle altezze del cielo (<em>De Ascensione Domini<\/em>,\u00a0<em>Tractatus 73<\/em>, 2.4:\u00a0<em>CCL<\/em>\u00a0138 A, 451.453). Per questo i discepoli, quando videro il Maestro sollevarsi da terra e innalzarsi verso l\u2019alto, non furono presi dallo sconforto, come si potrebbe pensare, anzi, provarono una grande gioia e si sentirono spinti a proclamare la vittoria di Cristo sulla morte (cfr\u00a0<em>Mc<\/em>\u00a016,20). E il Signore risorto operava con loro, distribuendo a ciascuno un carisma proprio. Lo scrive ancora san Paolo: \u00abHa distribuito doni agli uomini \u2026 ha dato ad alcuni di essere apostoli, ad altri di essere profeti, ad altri ancora di essere evangelisti, ad altri di essere pastori e maestri \u2026 allo scopo di edificare il corpo di Cristo \u2026 fino a raggiungere la misura della pienezza di Cristo\u00bb (<em>Ef<\/em>\u00a04,8.11-13).<\/p>\n<ul>\n<li><a href=\"http:\/\/www.vatican.va\/holy_father\/benedict_xvi\/angelus\/2012\/documents\/hf_ben-xvi_reg_20120520_it.html\">Leggi tutto il messaggio<\/a> <em>\u00a9 Copyright 2011 &#8211; Libreria Editrice Vaticana<\/em><\/li>\n<li><em><a href=\"http:\/\/player.rv.va\/vaticanplayer.asp?language=it&amp;tic=VA_4HQ3NJJB\">Link al Video<\/a><\/em><\/li>\n<\/ul>\n<\/blockquote>\n<div class=\"powerpressbox\">[powerpress]<\/div>\n<p style=\"text-align: justify;\"><strong>Fonte<\/strong>: Radio Vaticana via FeedRss<\/p>\n<blockquote>\n<p style=\"text-align: justify;\"><span style=\"font-size: xx-small;\"><em>(The content of this podcast is copyrighted by Vatican Radio which, according to its statute, is entrusted to manage and protect the sound recordings of the Roman Pontiff, ensuring that their pastoral character and intellectual property&#8217;s rights are protected when used by third parties. The content of this podcast is made available only for personal and private use and cannot be exploited for commercial purposes, without prior written authorization by Vatican Radio. For further information, please contact the International Relation Office at relint@vatiradio.va)<\/em><\/span><\/p>\n<\/blockquote>\n","protected":false},"excerpt":{"rendered":"<p>Cari fratelli e sorelle! Quaranta giorni dopo la Risurrezione \u2013 secondo il Libro degli\u00a0Atti degli Apostoli\u00a0\u2013 Ges\u00f9 ascese al Cielo, cio\u00e8 ritorn\u00f2 al Padre, dal quale era stato mandato nel mondo. In molti Paesi questo mistero viene celebrato non il gioved\u00ec, ma oggi, la domenica seguente. L\u2019Ascensione del Signore segna il compiersi della salvezza iniziata&#8230;<\/p>\n","protected":false},"author":3,"featured_media":0,"comment_status":"closed","ping_status":"closed","sticky":false,"template":"","format":"standard","meta":{"_kad_post_transparent":"","_kad_post_title":"","_kad_post_layout":"","_kad_post_sidebar_id":"","_kad_post_content_style":"","_kad_post_vertical_padding":"","_kad_post_feature":"","_kad_post_feature_position":"","_kad_post_header":false,"_kad_post_footer":false,"_kad_post_classname":"","footnotes":""},"categories":[102,127],"tags":[498,9],"class_list":["post-233710","post","type-post","status-publish","format-standard","hentry","category-102","category-benedetto-xvi","tag-regina-caeli","tag-vaticano"],"_links":{"self":[{"href":"https:\/\/archivio.cercoiltuovolto.it\/index.php?rest_route=\/wp\/v2\/posts\/233710","targetHints":{"allow":["GET"]}}],"collection":[{"href":"https:\/\/archivio.cercoiltuovolto.it\/index.php?rest_route=\/wp\/v2\/posts"}],"about":[{"href":"https:\/\/archivio.cercoiltuovolto.it\/index.php?rest_route=\/wp\/v2\/types\/post"}],"author":[{"embeddable":true,"href":"https:\/\/archivio.cercoiltuovolto.it\/index.php?rest_route=\/wp\/v2\/users\/3"}],"replies":[{"embeddable":true,"href":"https:\/\/archivio.cercoiltuovolto.it\/index.php?rest_route=%2Fwp%2Fv2%2Fcomments&post=233710"}],"version-history":[{"count":0,"href":"https:\/\/archivio.cercoiltuovolto.it\/index.php?rest_route=\/wp\/v2\/posts\/233710\/revisions"}],"wp:attachment":[{"href":"https:\/\/archivio.cercoiltuovolto.it\/index.php?rest_route=%2Fwp%2Fv2%2Fmedia&parent=233710"}],"wp:term":[{"taxonomy":"category","embeddable":true,"href":"https:\/\/archivio.cercoiltuovolto.it\/index.php?rest_route=%2Fwp%2Fv2%2Fcategories&post=233710"},{"taxonomy":"post_tag","embeddable":true,"href":"https:\/\/archivio.cercoiltuovolto.it\/index.php?rest_route=%2Fwp%2Fv2%2Ftags&post=233710"}],"curies":[{"name":"wp","href":"https:\/\/api.w.org\/{rel}","templated":true}]}}