{"id":233689,"date":"2012-05-14T06:07:01","date_gmt":"2012-05-14T06:07:01","guid":{"rendered":"https:\/\/archivio.cercoiltuovolto.it\/?p=233689"},"modified":"2012-05-14T06:07:01","modified_gmt":"2012-05-14T06:07:01","slug":"benedetta-umilta-le-semplici-virtu-di-joseph-ratzinger","status":"publish","type":"post","link":"https:\/\/archivio.cercoiltuovolto.it\/?p=233689","title":{"rendered":"Benedetta umilt\u00e0 &#8211; Le semplici virt\u00f9 di Joseph Ratzinger"},"content":{"rendered":"<p style=\"text-align: justify;\"><a href=\"http:\/\/www.libreriadelsanto.it\/libri\/9788871809755\/benedetta-umilta.html?p=sot\"><img loading=\"lazy\" decoding=\"async\" class=\"alignleft size-full wp-image-24159\" title=\"Benedetta umilt\u00e0 - Le semplici virt\u00f9 di Joseph Ratzinger\" src=\"http:\/\/www.cercoiltuovolto.it\/wp-content\/uploads\/2012\/05\/Benedetta-umilt\u00e0-Le-semplici-virt\u00f9-di-Joseph-Ratzinger.jpg\" alt=\"\" width=\"200\" height=\"300\" \/><\/a>Marted\u00ec 19 aprile 2005, ore 17.44, piazza San Pietro, ombelico del mondo: la fumata \u00e8 bianca.<\/p>\n<p style=\"text-align: justify;\">Da qui comincia il percorso di Joseph Ratzinger come Vicario di Cristo in terra. Da qui inizia anche il nostro viaggio alla scoperta di Benedetto XVI, \u00absemplice e umile lavoratore nella vigna del Signore\u00bb, come lui stesso si defin\u00ec quel giorno. Ma queste prime parole \u2013 che sono rimaste impresse nella memoria di tutti \u2013 sono figlie dell\u2019emozione del momento, rappresentano una formula retorica o rivelano qualcosa di profondo dell\u2019uomo chiamato a succedere a Pietro? Scegliendo quest\u2019ultima ipotesi Andrea Monda si addentra in una \u00abselva luminosa\u00bb fatta di discrezione, rinuncia, disponibilit\u00e0, dedizione, leggerezza, sacrificio, autoironia, umorismo, gioia\u2026 tutti tasselli preziosi per ricostruire il profilo del pontefice-professore attraverso l\u2019analisi di uno stile in cui forse risiede una delle sue lezioni pi\u00f9 importanti. In particolare al centro della scena ci sono, per una volta, l\u2019umilt\u00e0 \u2013 la pi\u00f9 misteriosa delle virt\u00f9 \u2013 e il suo frutto pi\u00f9 gustoso, l\u2019umorismo, due parole che trovano in humus, terra, una comune radice etimologica. Chi \u00e8 \u00abterra terra\u00bb, chi non insuperbisce, \u00e8 a un tempo umile e dotato di umorismo, perch\u00e9 avverte che esiste un mondo pi\u00f9 grande del proprio io e, oltre questo mondo, Qualcuno di ancora pi\u00f9 grande. Umilt\u00e0 e umorismo sono \u00abil segreto della vita\u00bb, soprattutto per un cattolico, e sono due tratti che caratterizzano al massimo grado l\u2019uomo Joseph Ratzinger-Benedetto XVI, non meno della sua opera. Al termine di un itinerario che passa per l\u2019analisi dei suoi gesti, delle sue parole e del pensiero di autori a lui cari (da sant\u2019Agostino a Urs von Balthasar, da Clive S. Lewis a Gilbert K. Chesterton), sar\u00e0 finalmente possibile vedere l\u2019attuale Pontefice sotto una luce diversa da quella divulgata dai media e sar\u00e0 pi\u00f9 facile accordargli quello che lui, con candido coraggio, da tempo chiede: \u00abUn anticipo di simpatia\u00bb.<\/p>\n<p><strong>Note sull&#8217;Autore<\/strong>: Andrea Monda, laureato in Giurisprudenza presso La Sapienza e in Scienze religiose presso la Pontificia Universit\u00e0 Gregoriana, scrive su vari quotidiani e periodici. \u00c8 autore di volumi dedicati a Tolkien e a C. S. Lewis.<\/p>\n<p class=\"acquista-paragrafo\"><a href=\"http:\/\/www.libreriadelsanto.it\/libri\/9788871809755\/benedetta-umilta.html?p=sot\" target=\"_blank\">Acquista il libro<\/a><\/p>\n<div class=\"powerpressbox\">[powerpress]<\/div>\n<p>Fonte: <a href=\"http:\/\/www.radiovaticana.org\/orc\/Articolo.asp?c=585797\" target=\"_blank\">Radio Vaticana<\/a><\/p>\n","protected":false},"excerpt":{"rendered":"<p>Marted\u00ec 19 aprile 2005, ore 17.44, piazza San Pietro, ombelico del mondo: la fumata \u00e8 bianca. Da qui comincia il percorso di Joseph Ratzinger come Vicario di Cristo in terra. Da qui inizia anche il nostro viaggio alla scoperta di Benedetto XVI, \u00absemplice e umile lavoratore nella vigna del Signore\u00bb, come lui stesso si defin\u00ec&#8230;<\/p>\n","protected":false},"author":3,"featured_media":0,"comment_status":"closed","ping_status":"closed","sticky":false,"template":"","format":"standard","meta":{"_kad_post_transparent":"","_kad_post_title":"","_kad_post_layout":"","_kad_post_sidebar_id":"","_kad_post_content_style":"","_kad_post_vertical_padding":"","_kad_post_feature":"","_kad_post_feature_position":"","_kad_post_header":false,"_kad_post_footer":false,"_kad_post_classname":"","footnotes":""},"categories":[102,127],"tags":[54,17],"class_list":["post-233689","post","type-post","status-publish","format-standard","hentry","category-102","category-benedetto-xvi","tag-interviste","tag-libri"],"_links":{"self":[{"href":"https:\/\/archivio.cercoiltuovolto.it\/index.php?rest_route=\/wp\/v2\/posts\/233689","targetHints":{"allow":["GET"]}}],"collection":[{"href":"https:\/\/archivio.cercoiltuovolto.it\/index.php?rest_route=\/wp\/v2\/posts"}],"about":[{"href":"https:\/\/archivio.cercoiltuovolto.it\/index.php?rest_route=\/wp\/v2\/types\/post"}],"author":[{"embeddable":true,"href":"https:\/\/archivio.cercoiltuovolto.it\/index.php?rest_route=\/wp\/v2\/users\/3"}],"replies":[{"embeddable":true,"href":"https:\/\/archivio.cercoiltuovolto.it\/index.php?rest_route=%2Fwp%2Fv2%2Fcomments&post=233689"}],"version-history":[{"count":0,"href":"https:\/\/archivio.cercoiltuovolto.it\/index.php?rest_route=\/wp\/v2\/posts\/233689\/revisions"}],"wp:attachment":[{"href":"https:\/\/archivio.cercoiltuovolto.it\/index.php?rest_route=%2Fwp%2Fv2%2Fmedia&parent=233689"}],"wp:term":[{"taxonomy":"category","embeddable":true,"href":"https:\/\/archivio.cercoiltuovolto.it\/index.php?rest_route=%2Fwp%2Fv2%2Fcategories&post=233689"},{"taxonomy":"post_tag","embeddable":true,"href":"https:\/\/archivio.cercoiltuovolto.it\/index.php?rest_route=%2Fwp%2Fv2%2Ftags&post=233689"}],"curies":[{"name":"wp","href":"https:\/\/api.w.org\/{rel}","templated":true}]}}