{"id":233668,"date":"2012-05-09T06:26:04","date_gmt":"2012-05-09T06:26:04","guid":{"rendered":"https:\/\/archivio.cercoiltuovolto.it\/?p=233668"},"modified":"2012-05-09T06:26:04","modified_gmt":"2012-05-09T06:26:04","slug":"p-alberto-ambrosio-dervisci-storia-antropologia-mistica","status":"publish","type":"post","link":"https:\/\/archivio.cercoiltuovolto.it\/?p=233668","title":{"rendered":"p. Alberto Ambrosio: Dervisci. Storia, antropologia, mistica"},"content":{"rendered":"<p style=\"text-align: center;\"><a href=\"http:\/\/www.cercoiltuovolto.it\/wp-content\/uploads\/2012\/05\/dervisci.jpg\"><img loading=\"lazy\" decoding=\"async\" class=\"aligncenter size-full wp-image-24053\" title=\"dervisci\" src=\"http:\/\/www.cercoiltuovolto.it\/wp-content\/uploads\/2012\/05\/dervisci.jpg\" alt=\"\" width=\"250\" height=\"404\" \/><\/a><\/p>\n<p style=\"text-align: justify;\">Chi sono i dervisci? Perch\u00e9 la loro danza \u00e8 stata dichiarata dall&#8217;UNESCO patrimonio intangibile dell&#8217;umanit\u00e0? A che cosa si deve il profondo interesse che la confraternita Mevleviye ha suscitato e continua a suscitare in Europa e in Nord America? Partendo dalla vita, le opere e il pensiero di Mevlana Rumi, il pi\u00f9 importante poeta mistico dell&#8217;Islam a cui tale confraternita si ispira, il testo ripercorre in chiave storica e antropologica i rituali e le pratiche di iniziazione e formazione dei dervisci, colmando un vuoto ingiustificato e offrendo al lettore l&#8217;opportunit\u00e0 di apprezzare la loro raffinata cultura, nonch\u00e9 la loro celebre danza, il sema.<\/p>\n<div class=\"powerpressbox\">\n<h3>Ascolta l&#8217;intervento dell&#8217;autore a Radio Vaticana<\/h3>\n<p>[powerpress]<\/p>\n<\/div>\n<p class=\"acquista-paragrafo\"><a href=\"http:\/\/www.ibs.it\/code\/9788843060955\/ambrosio-alberto-f\/dervisci-storia-antropologia-mistica.html?shop=3462\" target=\"_blank\">Acquista il libro<\/a> su IBS<\/p>\n<p>Segue l&#8217;intervista di p. Vito Magno a Flavio Insinna sul suo ultimo libro &#8220;<a href=\"http:\/\/www.ibs.it\/code\/9788804614333\/insinna-flavio\/neanche-con-morso.html?shop=3462\">Neanche con un morso all\u2019orecchio<\/a>&#8221; (anche per <a href=\"http:\/\/www.ibs.it\/ebook\/Insinna-Flavio\/neanche-con-un-morso-all\/9788852022791.html?shop=3462\">eBook<\/a>).<\/p>\n","protected":false},"excerpt":{"rendered":"<p>Chi sono i dervisci? Perch\u00e9 la loro danza \u00e8 stata dichiarata dall&#8217;UNESCO patrimonio intangibile dell&#8217;umanit\u00e0? A che cosa si deve il profondo interesse che la confraternita Mevleviye ha suscitato e continua a suscitare in Europa e in Nord America? Partendo dalla vita, le opere e il pensiero di Mevlana Rumi, il pi\u00f9 importante poeta mistico&#8230;<\/p>\n","protected":false},"author":3,"featured_media":0,"comment_status":"closed","ping_status":"closed","sticky":false,"template":"","format":"standard","meta":{"_kad_post_transparent":"","_kad_post_title":"","_kad_post_layout":"","_kad_post_sidebar_id":"","_kad_post_content_style":"","_kad_post_vertical_padding":"","_kad_post_feature":"","_kad_post_feature_position":"","_kad_post_header":false,"_kad_post_footer":false,"_kad_post_classname":"","footnotes":""},"categories":[102,149],"tags":[17,27],"class_list":["post-233668","post","type-post","status-publish","format-standard","hentry","category-102","category-interviste","tag-libri","tag-radio-vaticana"],"_links":{"self":[{"href":"https:\/\/archivio.cercoiltuovolto.it\/index.php?rest_route=\/wp\/v2\/posts\/233668","targetHints":{"allow":["GET"]}}],"collection":[{"href":"https:\/\/archivio.cercoiltuovolto.it\/index.php?rest_route=\/wp\/v2\/posts"}],"about":[{"href":"https:\/\/archivio.cercoiltuovolto.it\/index.php?rest_route=\/wp\/v2\/types\/post"}],"author":[{"embeddable":true,"href":"https:\/\/archivio.cercoiltuovolto.it\/index.php?rest_route=\/wp\/v2\/users\/3"}],"replies":[{"embeddable":true,"href":"https:\/\/archivio.cercoiltuovolto.it\/index.php?rest_route=%2Fwp%2Fv2%2Fcomments&post=233668"}],"version-history":[{"count":0,"href":"https:\/\/archivio.cercoiltuovolto.it\/index.php?rest_route=\/wp\/v2\/posts\/233668\/revisions"}],"wp:attachment":[{"href":"https:\/\/archivio.cercoiltuovolto.it\/index.php?rest_route=%2Fwp%2Fv2%2Fmedia&parent=233668"}],"wp:term":[{"taxonomy":"category","embeddable":true,"href":"https:\/\/archivio.cercoiltuovolto.it\/index.php?rest_route=%2Fwp%2Fv2%2Fcategories&post=233668"},{"taxonomy":"post_tag","embeddable":true,"href":"https:\/\/archivio.cercoiltuovolto.it\/index.php?rest_route=%2Fwp%2Fv2%2Ftags&post=233668"}],"curies":[{"name":"wp","href":"https:\/\/api.w.org\/{rel}","templated":true}]}}