{"id":233660,"date":"2012-05-05T12:42:36","date_gmt":"2012-05-05T12:42:36","guid":{"rendered":"https:\/\/archivio.cercoiltuovolto.it\/?p=233660"},"modified":"2012-05-05T12:42:36","modified_gmt":"2012-05-05T12:42:36","slug":"commento-al-vangelo-di-domenica-6-maggio-2012-padre-bruno-secondin","status":"publish","type":"post","link":"https:\/\/archivio.cercoiltuovolto.it\/?p=233660","title":{"rendered":"Commento al Vangelo di domenica 6 maggio 2012 &#8211; padre Bruno Secondin"},"content":{"rendered":"<p style=\"text-align: center;\"><img loading=\"lazy\" decoding=\"async\" class=\"aligncenter size-full wp-image-14846\" title=\"padre carmelitano Bruno Secondin\" src=\"http:\/\/www.cercoiltuovolto.it\/wp\/wp-content\/uploads\/2010\/11\/secondin.png\" alt=\"\" width=\"412\" height=\"132\" \/><\/p>\n<p style=\"text-align: justify;\">Nella quinta Domenica di Pasqua, la liturgia ci presenta il passo del Vangelo in cui Ges\u00f9 parla ai suoi discepoli con una similitudine tratta dalla vita agreste: Lui \u00e8 la vite vera \u2013 afferma &#8211; e il Padre suo \u00e8 l\u2019agricoltore. Quindi aggiunge:<\/p>\n<blockquote>\n<p style=\"text-align: justify;\">\u201cIo sono la vite, voi i tralci. Chi rimane in me, e io in lui, porta molto frutto, perch\u00e9 senza di me non potete far nulla\u201d.<\/p>\n<\/blockquote>\n<p>Su questo brano del Vangelo, ascoltiamo il commento del carmelitano, padre Bruno Secondin, docente di Teologia spirituale alla Pontificia Universit\u00e0 Gregoriana:<\/p>\n<blockquote>\n<p style=\"text-align: justify;\">Ancora una immagine dalla campagna: la vite e i tralci. Immagine forse pi\u00f9 familiare ancora di quella del pastore, proprio in questa stagione in cui profumano i fiori della vite. Anche questa similitudine \u00e8 introdotta dalla espressione: \u201cio sono\u201d, dalle assonanze molto ricche. Non \u00e8 una somiglianza posta all\u2019esterno del nostro vivere: qui si tratta di un amore che sale dalla radice, segnale di terra e di sole, di pioggia e di vento, che fa screpolare la corteccia e poi fa maturare il grappolo pieno e dolce. Ma solo se il tralcio rimane ben connesso al tronco, se attende con pazienza questa linfa vitale, goccia d\u2019amore dopo goccia, pu\u00f2 crescere il grappolo. E perch\u00e9 non si disperda questa linfa in rivoli sterili, avviene la potatura; per concentrare lo sforzo, per una fecondit\u00e0 piena e non dispersa. Questo \u00e8 lo stile delle relazioni fra noi e Ges\u00f9: una linfa vitale sale dalla sua vita santa, dalla sua misericordia, dalle sue radici, che sono fedelt\u00e0 al Padre dell\u2019alleanza. E riempie la nostra sete di amore e di vita, la nostra passione per la vita, il nostro bisogno di fecondit\u00e0. E Lui fa in noi \u201cmolto frutto\u201d, per suo dono. Ma bisogna restare ben uniti a Lui, per sentire i presagi del frutto succoso.<\/p>\n<\/blockquote>\n<p class=\"link\" style=\"text-align: justify;\">Fonte: <a href=\"http:\/\/www.radiovaticana.org\/IT1\/articolo.asp?c=585319\" target=\"_blank\">RadioVaticana<\/a><\/p>\n<div class=\"powerpressbox\">[powerpress]<\/div>\n<div>\u00a0<\/div>\n<div><\/div>\n","protected":false},"excerpt":{"rendered":"<p>Nella quinta Domenica di Pasqua, la liturgia ci presenta il passo del Vangelo in cui Ges\u00f9 parla ai suoi discepoli con una similitudine tratta dalla vita agreste: Lui \u00e8 la vite vera \u2013 afferma &#8211; e il Padre suo \u00e8 l\u2019agricoltore. Quindi aggiunge: \u201cIo sono la vite, voi i tralci. Chi rimane in me, e&#8230;<\/p>\n","protected":false},"author":3,"featured_media":0,"comment_status":"closed","ping_status":"closed","sticky":false,"template":"","format":"standard","meta":{"_kad_post_transparent":"","_kad_post_title":"","_kad_post_layout":"","_kad_post_sidebar_id":"","_kad_post_content_style":"","_kad_post_vertical_padding":"","_kad_post_feature":"","_kad_post_feature_position":"","_kad_post_header":false,"_kad_post_footer":false,"_kad_post_classname":"","footnotes":""},"categories":[102,147],"tags":[27,113],"class_list":["post-233660","post","type-post","status-publish","format-standard","hentry","category-102","category-commento-al-vangelo","tag-radio-vaticana","tag-video"],"_links":{"self":[{"href":"https:\/\/archivio.cercoiltuovolto.it\/index.php?rest_route=\/wp\/v2\/posts\/233660","targetHints":{"allow":["GET"]}}],"collection":[{"href":"https:\/\/archivio.cercoiltuovolto.it\/index.php?rest_route=\/wp\/v2\/posts"}],"about":[{"href":"https:\/\/archivio.cercoiltuovolto.it\/index.php?rest_route=\/wp\/v2\/types\/post"}],"author":[{"embeddable":true,"href":"https:\/\/archivio.cercoiltuovolto.it\/index.php?rest_route=\/wp\/v2\/users\/3"}],"replies":[{"embeddable":true,"href":"https:\/\/archivio.cercoiltuovolto.it\/index.php?rest_route=%2Fwp%2Fv2%2Fcomments&post=233660"}],"version-history":[{"count":0,"href":"https:\/\/archivio.cercoiltuovolto.it\/index.php?rest_route=\/wp\/v2\/posts\/233660\/revisions"}],"wp:attachment":[{"href":"https:\/\/archivio.cercoiltuovolto.it\/index.php?rest_route=%2Fwp%2Fv2%2Fmedia&parent=233660"}],"wp:term":[{"taxonomy":"category","embeddable":true,"href":"https:\/\/archivio.cercoiltuovolto.it\/index.php?rest_route=%2Fwp%2Fv2%2Fcategories&post=233660"},{"taxonomy":"post_tag","embeddable":true,"href":"https:\/\/archivio.cercoiltuovolto.it\/index.php?rest_route=%2Fwp%2Fv2%2Ftags&post=233660"}],"curies":[{"name":"wp","href":"https:\/\/api.w.org\/{rel}","templated":true}]}}