{"id":233659,"date":"2012-05-05T08:23:12","date_gmt":"2012-05-05T08:23:12","guid":{"rendered":"https:\/\/archivio.cercoiltuovolto.it\/?p=233659"},"modified":"2012-05-05T08:23:12","modified_gmt":"2012-05-05T08:23:12","slug":"nella-mia-debolezza-tratto-da-i-dialoghi-delle-carmelitane-di-g-bernanos","status":"publish","type":"post","link":"https:\/\/archivio.cercoiltuovolto.it\/?p=233659","title":{"rendered":"\u00abNella mia debolezza\u00bb tratto da \u00abI dialoghi delle Carmelitane\u00bb di G. Bernanos"},"content":{"rendered":"<p style=\"text-align: justify;\"><a href=\"http:\/\/www.cercoiltuovolto.it\/wp-content\/uploads\/2012\/05\/nella-mia-debolezza.jpg\"><img loading=\"lazy\" decoding=\"async\" class=\"alignleft size-large wp-image-24048\" title=\"nella mia debolezza\" src=\"http:\/\/www.cercoiltuovolto.it\/wp-content\/uploads\/2012\/05\/nella-mia-debolezza-318x450.jpg\" alt=\"\" width=\"318\" height=\"450\" \/><\/a>A cura della Parrocchia di S. Marco al Campidoglio e della Rettoria del Ges\u00f9, il 24 febbraio 2012 alle h. 21,00 nella Chiesa del Ges\u00f9 appuntamento annuale con la grande letteratura e il teatro: rappresentazione de \u00abNella mia debolezza\u00bb, tratto da \u00abI dialoghi delle Carmelitane\u00bb di George Bernanos; seguir\u00e0 il commento del Card. Gianfranco Ravasi.<\/p>\n<p style=\"text-align: justify;\">Negli anni scorsi con \u00abAssassinio nella Cattedrale\u00bb e l\u2019anno prima con \u00abLa leggenda del grande inquisitore\u00bb la Chiesa del Ges\u00f9 ha radunato un pubblico numeroso e attento e partecipe: la forza dei testi e l\u2019acutezza del commento di Ravasi hanno offerto al numeroso pubblico presente un\u2019ora e mezza di vero nutrimento per le intelligenze e per i cuori.<\/p>\n<p style=\"text-align: justify;\">Quest\u2019anno sar\u00e0 proposto il capolavoro che Bernanos trasse dalla Novella di Gertrud Von le Fort \u00abL\u2019ultima al patibolo\u00bb sulla tragica vicenda delle Carmelitane di Compi\u00e8gne che subirono il martirio al Parigi durante il terrore. La riduzione del testo \u00e8 di Rosario Tronnolone, che ha curato anche la regia; la lettura \u00e8 affidata a Manuela Morosini, Miriam Spera, Francesca Rossiello, Cristina Del Sordo, Evelina Nazzari, Carolina Zaccarini. Tecnico delle luci: Luisa Monnet.<\/p>\n<p style=\"text-align: justify;\">Collaborazione tecnica di <a href=\"http:\/\/www.radiovaticana.org\/orc\/Articolo.asp?c=583403\" target=\"_blank\">Radio Vaticana<\/a>. L\u2019ingresso \u00e8 con biglietto gratuito da ritirarsi presso la Chiesa del Ges\u00f9 e la Parrocchia di S. Marco. I biglietti saranno in distribuzione da domenica 19 febbraio. Rappresentazione unica il 24 febbraio 2012; apertura della Chiesa del Ges\u00f9 h. 20,00.<\/p>\n<div class=\"powerpressbox\">\n<h3>Ascolta il commento di Ravasi<\/h3>\n<p>[powerpress]<\/p>\n<\/div>\n<p class=\"sito-web\">Link utili: <a href=\"http:\/\/www.chiesadelgesu.org\" target=\"_blank\">Chiesa del Ges\u00f9<\/a><\/p>\n<p class=\"acquista-paragrafo\"><a href=\"http:\/\/www.ibs.it\/code\/9788837221034\/bernanos-georges\/dialoghi-delle-carmelitane.html?shop=3462\" target=\"_blank\">Acquista il libro<\/a> su IBS<\/p>\n<p class=\"acquista-paragrafo\"><a href=\"http:\/\/www.libreriadelsanto.it\/libri\/9788837221034\/dialoghi-delle-carmelitane.html?p=sot\" target=\"_blank\">Acquista il libro<\/a> su Libreria del Santo<\/p>\n<h4>\u00a0<\/h4>\n<h4>Radio Vaticana ha messo a disposizione altre tre registrazioni, in mp3, sulle letture del libro:<\/h4>\n<ul>\n<li><a href=\"http:\/\/212.77.9.15\/audiomp3\/00311180.MP3\" target=\"_blank\">lettura 1<\/a><\/li>\n<li><a href=\"http:\/\/212.77.9.15\/audiomp3\/00312012.MP3\" target=\"_blank\">lettura 2<\/a><\/li>\n<li><a href=\"http:\/\/212.77.9.15\/audiomp3\/00313216.MP3\" target=\"_blank\">lettura 3<\/a><\/li>\n<\/ul>\n<p>&nbsp;<\/p>\n","protected":false},"excerpt":{"rendered":"<p>A cura della Parrocchia di S. Marco al Campidoglio e della Rettoria del Ges\u00f9, il 24 febbraio 2012 alle h. 21,00 nella Chiesa del Ges\u00f9 appuntamento annuale con la grande letteratura e il teatro: rappresentazione de \u00abNella mia debolezza\u00bb, tratto da \u00abI dialoghi delle Carmelitane\u00bb di George Bernanos; seguir\u00e0 il commento del Card. Gianfranco Ravasi&#8230;.<\/p>\n","protected":false},"author":3,"featured_media":0,"comment_status":"closed","ping_status":"closed","sticky":false,"template":"","format":"standard","meta":{"_kad_post_transparent":"","_kad_post_title":"","_kad_post_layout":"","_kad_post_sidebar_id":"","_kad_post_content_style":"","_kad_post_vertical_padding":"","_kad_post_feature":"","_kad_post_feature_position":"","_kad_post_header":false,"_kad_post_footer":false,"_kad_post_classname":"","footnotes":""},"categories":[102,3],"tags":[17,27],"class_list":["post-233659","post","type-post","status-publish","format-standard","hentry","category-102","category-libri","tag-libri","tag-radio-vaticana"],"_links":{"self":[{"href":"https:\/\/archivio.cercoiltuovolto.it\/index.php?rest_route=\/wp\/v2\/posts\/233659","targetHints":{"allow":["GET"]}}],"collection":[{"href":"https:\/\/archivio.cercoiltuovolto.it\/index.php?rest_route=\/wp\/v2\/posts"}],"about":[{"href":"https:\/\/archivio.cercoiltuovolto.it\/index.php?rest_route=\/wp\/v2\/types\/post"}],"author":[{"embeddable":true,"href":"https:\/\/archivio.cercoiltuovolto.it\/index.php?rest_route=\/wp\/v2\/users\/3"}],"replies":[{"embeddable":true,"href":"https:\/\/archivio.cercoiltuovolto.it\/index.php?rest_route=%2Fwp%2Fv2%2Fcomments&post=233659"}],"version-history":[{"count":0,"href":"https:\/\/archivio.cercoiltuovolto.it\/index.php?rest_route=\/wp\/v2\/posts\/233659\/revisions"}],"wp:attachment":[{"href":"https:\/\/archivio.cercoiltuovolto.it\/index.php?rest_route=%2Fwp%2Fv2%2Fmedia&parent=233659"}],"wp:term":[{"taxonomy":"category","embeddable":true,"href":"https:\/\/archivio.cercoiltuovolto.it\/index.php?rest_route=%2Fwp%2Fv2%2Fcategories&post=233659"},{"taxonomy":"post_tag","embeddable":true,"href":"https:\/\/archivio.cercoiltuovolto.it\/index.php?rest_route=%2Fwp%2Fv2%2Ftags&post=233659"}],"curies":[{"name":"wp","href":"https:\/\/api.w.org\/{rel}","templated":true}]}}