{"id":233648,"date":"2012-05-02T06:14:15","date_gmt":"2012-05-02T06:14:15","guid":{"rendered":"https:\/\/archivio.cercoiltuovolto.it\/?p=233648"},"modified":"2012-05-02T06:14:15","modified_gmt":"2012-05-02T06:14:15","slug":"commento-al-vangelo-del-6-maggio-2012-don-lello-ponticelli","status":"publish","type":"post","link":"https:\/\/archivio.cercoiltuovolto.it\/?p=233648","title":{"rendered":"Commento al Vangelo del 6 maggio 2012 &#8211; don Lello Ponticelli"},"content":{"rendered":"<h4 style=\"text-align: center;\"><em>Prediche senza Pulpito a cura di Don Lello Ponticelli dal <a href=\"http:\/\/www.orasorriso.it\">Santuario &#8220;Madonna delle Grazie&#8221; in Procida<\/a>.\u00a0<\/em><\/h4>\n<blockquote>\n<p style=\"text-align: justify;\"><em><em>Gv 15, 1-8<\/em><br \/><em>Dal Vangelo secondo\u00a0Giovanni<\/em><\/p>\n<p>In quel tempo, Ges\u00f9 disse ai suoi discepoli: \u00abIo sono la vite vera e il Padre mio \u00e8 l\u2019agricoltore. Ogni tralcio che in me non porta frutto, lo taglia, e ogni tralcio che porta frutto, lo pota perch\u00e9 porti pi\u00f9 frutto. Voi siete gi\u00e0 puri, a causa della parola che vi ho annunciato.<br \/>Rimanete in me e io in voi. Come il tralcio non pu\u00f2 portare frutto da se stesso se non rimane nella vite, cos\u00ec neanche voi se non rimanete in me. Io sono la vite, voi i tralci. Chi rimane in me, e io in lui, porta molto frutto, perch\u00e9 senza di me non potete far nulla. Chi non rimane in me viene gettato via come il tralcio e secca; poi lo raccolgono, lo gettano nel fuoco e lo bruciano.<br \/>Se rimanete in me e le mie parole rimangono in voi, chiedete quello che volete e vi sar\u00e0 fatto. In questo \u00e8 glorificato il Padre mio: che portiate molto frutto e diventiate miei discepoli\u00bb.<\/p>\n<p>C: Parola del Signore.<br \/>A: Lode a Te o Cristo.<\/em><\/p>\n<\/blockquote>\n<p class=\"link\"><a href=\"http:\/\/youtu.be\/4p8nu2TItMI\">Link al video<\/a><\/p>\n","protected":false},"excerpt":{"rendered":"<p>Prediche senza Pulpito. Commento al Vangelo della domenica a cura di Don Lello Ponticelli dal Santuario &#8220;Madonna delle Grazie&#8221; in Procida.<\/p>\n","protected":false},"author":3,"featured_media":0,"comment_status":"closed","ping_status":"closed","sticky":false,"template":"","format":"standard","meta":{"_kad_post_transparent":"","_kad_post_title":"","_kad_post_layout":"","_kad_post_sidebar_id":"","_kad_post_content_style":"","_kad_post_vertical_padding":"","_kad_post_feature":"","_kad_post_feature_position":"","_kad_post_header":false,"_kad_post_footer":false,"_kad_post_classname":"","footnotes":""},"categories":[102,147],"tags":[172,83],"class_list":["post-233648","post","type-post","status-publish","format-standard","hentry","category-102","category-commento-al-vangelo","tag-vangelo-della-domenica","tag-youtube"],"_links":{"self":[{"href":"https:\/\/archivio.cercoiltuovolto.it\/index.php?rest_route=\/wp\/v2\/posts\/233648","targetHints":{"allow":["GET"]}}],"collection":[{"href":"https:\/\/archivio.cercoiltuovolto.it\/index.php?rest_route=\/wp\/v2\/posts"}],"about":[{"href":"https:\/\/archivio.cercoiltuovolto.it\/index.php?rest_route=\/wp\/v2\/types\/post"}],"author":[{"embeddable":true,"href":"https:\/\/archivio.cercoiltuovolto.it\/index.php?rest_route=\/wp\/v2\/users\/3"}],"replies":[{"embeddable":true,"href":"https:\/\/archivio.cercoiltuovolto.it\/index.php?rest_route=%2Fwp%2Fv2%2Fcomments&post=233648"}],"version-history":[{"count":0,"href":"https:\/\/archivio.cercoiltuovolto.it\/index.php?rest_route=\/wp\/v2\/posts\/233648\/revisions"}],"wp:attachment":[{"href":"https:\/\/archivio.cercoiltuovolto.it\/index.php?rest_route=%2Fwp%2Fv2%2Fmedia&parent=233648"}],"wp:term":[{"taxonomy":"category","embeddable":true,"href":"https:\/\/archivio.cercoiltuovolto.it\/index.php?rest_route=%2Fwp%2Fv2%2Fcategories&post=233648"},{"taxonomy":"post_tag","embeddable":true,"href":"https:\/\/archivio.cercoiltuovolto.it\/index.php?rest_route=%2Fwp%2Fv2%2Ftags&post=233648"}],"curies":[{"name":"wp","href":"https:\/\/api.w.org\/{rel}","templated":true}]}}