{"id":233644,"date":"2012-04-28T13:40:44","date_gmt":"2012-04-28T13:40:44","guid":{"rendered":"https:\/\/archivio.cercoiltuovolto.it\/?p=233644"},"modified":"2012-04-28T13:40:44","modified_gmt":"2012-04-28T13:40:44","slug":"commento-al-vangelo-di-domenica-29-aprile-2012-padre-bruno-secondin","status":"publish","type":"post","link":"https:\/\/archivio.cercoiltuovolto.it\/?p=233644","title":{"rendered":"Commento al Vangelo di domenica 29 aprile 2012 &#8211; padre Bruno Secondin"},"content":{"rendered":"<p style=\"text-align: center;\"><img loading=\"lazy\" decoding=\"async\" class=\"aligncenter size-full wp-image-14846\" title=\"padre carmelitano Bruno Secondin\" src=\"http:\/\/www.cercoiltuovolto.it\/wp\/wp-content\/uploads\/2010\/11\/secondin.png\" alt=\"\" width=\"412\" height=\"132\" \/><\/p>\n<p style=\"text-align: justify;\">Il Vangelo della quarta Domenica di Pasqua presenta la figura del Buon Pastore. Nel brano di Giovanni, Ges\u00f9 afferma:<\/p>\n<blockquote>\n<p style=\"text-align: justify;\">\u201cIo sono il buon pastore, conosco le mie pecore e le mie pecore conoscono me, cos\u00ec come il Padre conosce me e io conosco il Padre, e do la mia vita per le pecore\u201d.<\/p>\n<\/blockquote>\n<p>Su questo brano del Vangelo, ascoltiamo il commento del carmelitano, padre Bruno Secondin, docente di Teologia spirituale alla Pontificia Universit\u00e0 Gregoriana:<\/p>\n<blockquote>\n<p style=\"text-align: justify;\">Immagine classica questa del pastore ideale, che era molto vicina alla esperienza di allora, oggi forse meno familiare. Ma la chiave interpretativa \u00e8 molto valida anche oggi: il pastore \u201cbello\u201d o nobile &#8211; come dice il greco &#8211; agisce con cuore generoso, si fa dono nel suo servizio, crea una intesa perfino affettuosa con le pecore. Si riconoscono &#8211; dice il testo &#8211; a vicenda, attraverso la voce e la premura con cui il pastore le guida e le protegge, e le pecore si fidano.<\/p>\n<p>Qualcosa di analogo ai misteriosi dialoghi fra Ges\u00f9 e il Padre: che paragone sublime, che forza d\u00e0 questa convinzione! Non \u00e8 solo un mestiere, \u00e8 una familiarit\u00e0 misteriosa che guida i nostri passi e riempie di fiducia la nostra appartenenza al gregge del Signore. Non una vita da pecoroni, passivi e senza libert\u00e0. Ma la partecipazione all\u2019intensa vita del Figlio nei confronti del Padre: una famiglia di Dio che si costituisce e deve coinvolgere il mondo intero, come in unico gregge insieme al pastore unico.<\/p>\n<p>\u201cQuale grande amore ci ha dato il Padre!\u201d, esclama Giovanni. Ci rendiamo conto che noi viviamo la vita stessa di Dio e di questo dobbiamo essere testimoni e custodi? E non a parole o con proclami roboanti, ma in modo fattivo e generoso.<\/p>\n<\/blockquote>\n<p class=\"link\" style=\"text-align: justify;\">Fonte: <a href=\"http:\/\/www.radiovaticana.org\/IT1\/articolo.asp?c=583570\" target=\"_blank\">RadioVaticana<\/a><\/p>\n<div class=\"powerpressbox\">[powerpress]<\/div>\n","protected":false},"excerpt":{"rendered":"<p>Il Vangelo della quarta Domenica di Pasqua presenta la figura del Buon Pastore. Nel brano di Giovanni, Ges\u00f9 afferma: \u201cIo sono il buon pastore, conosco le mie pecore e le mie pecore conoscono me, cos\u00ec come il Padre conosce me e io conosco il Padre, e do la mia vita per le pecore\u201d. Su questo&#8230;<\/p>\n","protected":false},"author":3,"featured_media":0,"comment_status":"closed","ping_status":"closed","sticky":false,"template":"","format":"standard","meta":{"_kad_post_transparent":"","_kad_post_title":"","_kad_post_layout":"","_kad_post_sidebar_id":"","_kad_post_content_style":"","_kad_post_vertical_padding":"","_kad_post_feature":"","_kad_post_feature_position":"","_kad_post_header":false,"_kad_post_footer":false,"_kad_post_classname":"","footnotes":""},"categories":[102,4],"tags":[5,27],"class_list":["post-233644","post","type-post","status-publish","format-standard","hentry","category-102","category-audio-cattolici","tag-commento-al-vangelo","tag-radio-vaticana"],"_links":{"self":[{"href":"https:\/\/archivio.cercoiltuovolto.it\/index.php?rest_route=\/wp\/v2\/posts\/233644","targetHints":{"allow":["GET"]}}],"collection":[{"href":"https:\/\/archivio.cercoiltuovolto.it\/index.php?rest_route=\/wp\/v2\/posts"}],"about":[{"href":"https:\/\/archivio.cercoiltuovolto.it\/index.php?rest_route=\/wp\/v2\/types\/post"}],"author":[{"embeddable":true,"href":"https:\/\/archivio.cercoiltuovolto.it\/index.php?rest_route=\/wp\/v2\/users\/3"}],"replies":[{"embeddable":true,"href":"https:\/\/archivio.cercoiltuovolto.it\/index.php?rest_route=%2Fwp%2Fv2%2Fcomments&post=233644"}],"version-history":[{"count":0,"href":"https:\/\/archivio.cercoiltuovolto.it\/index.php?rest_route=\/wp\/v2\/posts\/233644\/revisions"}],"wp:attachment":[{"href":"https:\/\/archivio.cercoiltuovolto.it\/index.php?rest_route=%2Fwp%2Fv2%2Fmedia&parent=233644"}],"wp:term":[{"taxonomy":"category","embeddable":true,"href":"https:\/\/archivio.cercoiltuovolto.it\/index.php?rest_route=%2Fwp%2Fv2%2Fcategories&post=233644"},{"taxonomy":"post_tag","embeddable":true,"href":"https:\/\/archivio.cercoiltuovolto.it\/index.php?rest_route=%2Fwp%2Fv2%2Ftags&post=233644"}],"curies":[{"name":"wp","href":"https:\/\/api.w.org\/{rel}","templated":true}]}}