{"id":233621,"date":"2012-04-23T20:30:51","date_gmt":"2012-04-23T20:30:51","guid":{"rendered":"https:\/\/archivio.cercoiltuovolto.it\/?p=233621"},"modified":"2012-04-23T20:30:51","modified_gmt":"2012-04-23T20:30:51","slug":"commento-al-vangelo-del-29-aprile-2012-paolo-curtaz","status":"publish","type":"post","link":"https:\/\/archivio.cercoiltuovolto.it\/?p=233621","title":{"rendered":"Commento al Vangelo del 29 aprile 2012 \u2013 Paolo Curtaz"},"content":{"rendered":"<h1 style=\"text-align: center;\"><\/h1>\n<h3>Quarta domenica di Pasqua &#8211; Giornata Mondiale per le Vocazioni<br \/>Atti 4,8-12\/ 1Gv 3,1-2 \/ Gv 10,11-18<\/h3>\n<p>Pastori e buon Pastore<\/p>\n<p>Ges\u00f9 Risorto spalanca il cuore di Tommaso e scioglie la sua durezza e il suo dolore; presente in\u00a0mezzo ai suo apostoli, apre loro la mente all\u2019intelligenza delle Scritture, per capire la profondit\u00e0 del\u00a0Mistero, per svelar loro che egli \u00e8 l\u2019unico Pastore, che sa dove condurci, che lo fa seriamente, che\u00a0lo fa con passione. La sua morte non \u00e8 stata un incidente di percorso, ma l\u2019offerta della sua vita per\u00a0le sue pecore.<br \/>Gli apostoli hanno vissuto con Ges\u00f9 per tre lunghi anni. Solo dopo la resurrezione superano\u00a0l\u2019approccio superficiale che hanno avuto a Ges\u00f9 e cominciano ad esplorare le profondit\u00e0 del\u00a0Mistero. Come noi, cristiani di antica data, che necessitiamo della luce del Risorto per scoprire chi\u00a0\u00e8 veramente Ges\u00f9.<\/p>\n<p class=\"link\" style=\"text-align: left;\"><a href=\"http:\/\/www.youtube.com\/watch?v=zaGH5Dy7kl4\">Link al video<\/a><\/p>\n<p class=\"podcast\" style=\"text-align: left;\">[download id=&#8221;204&#8243;]<\/p>\n<p class=\"podcast\" style=\"text-align: left;\">[download id=&#8221;203&#8243;]<\/p>\n<div style=\"float: left; padding-right: 5px;\">\n<p><strong>Pastori<\/strong><\/p>\n<p style=\"text-align: justify;\">Chi conduce la tua vita, amico lettore? Non credere alla favola dell\u2019autonomia e dell\u2019indipendenza: siamo impregnati di pregiudizi, distratti dalle attese di chi ci sta intorno, sedotti dal modello di vita che ci raggiunge attraverso i media. Sono molti i pastori della nostra vita: il temperamento, l\u2019educazione, ci\u00f2 che gli altri si aspettano da noi, i modelli sociali\u2026 \u00c8 normale, inevitabile che sia cos\u00ec: rendersene conto \u00e8 il primo passo per scegliere e cambiare. Per scegliere quale pastore ci convenga seguire. Ges\u00f9 \u00e8 caustico e ci offre un criterio di giudizio: gli altri pastori ci guidano per un loro tornaconto, sono mercenari. Lui, invece, offre la sua vita per amore delle sue pecore. Il sospetto \u00e8 pi\u00f9 che legittimo: chi mi chiede di adeguarmi agli standard della contemporaneit\u00e0 molto spesso mi vende le soluzioni, chi si aspetta da me delle cose lo fa pi\u00f9 per s\u00e9 che per me. Ges\u00f9 no, il suo interesse \u00e8 il mio bene, il suo unico desiderio \u00e8 che io possa pascolare in prati erbosi e dissetarmi a sorgenti d\u2019acqua. Egli \u00e8 morto per indicarmi la strada, ha donato la sua vita per la mia. Non so voi, amici, io ho deciso da tempo e mai mi sono pentito di questa scelta: scelgo Ges\u00f9 come mio pastore, il Vangelo come metro di giudizio, l\u2019amore (concreto, possibile, autentico) come percorso per arrivare a Dio.<\/p>\n<p><strong>Mercenari<\/strong><\/p>\n<p style=\"text-align: justify;\">Ges\u00f9 dice di essere l\u2019unico pastore che mi ama, che mi conosce e mi valorizza. Gli altri padroni sono mercenari, mi amano per avere un tornaconto. Vero, molto vero: al mio datore di lavoro sto simpatico se produco, a volte anche i miei amici e i miei parenti mi amano a patto di comportarmi secondo ci\u00f2 che essi si aspettano. I nostri oratori e le nostre proposte saranno sempre perdenti rispetto alla squadra di calcio o la polisportiva di sci, se non per una cosa: ad un allenatore vai bene se diventi un campione. A me i ragazzi stanno a cuore anche se sono incapaci e inabili a fare qualunque cosa. Dio ci ama gratis, quando lo capiremo? Non ci ama perch\u00e9 siamo buoni ma, amandoci, ci rende buoni. Il suo amore senza condizioni \u00e8 vero e serio: Ges\u00f9 sceglie di donare la sua vita, non vi \u00e8 costretto, lo desidera e lo fa, perch\u00e9 davvero mi ama\u2026 Anche noi, fatti a sua immagine, siamo chiamati ad amare, a dire ai fratelli che non credono quale \u00e8 il vero volto di Dio, ad allontanare i mercenari che ci considerano validi solo se produciamo o consumiamo. Vivere da pecore (non da pecoroni!) significa prendere sul serio le parole di Ges\u00f9, riferirsi a lui nelle scelte quotidiane, amare e amarci come lui ci ha chiesto, insomma vivere da risorti, da salvati. Non si tratta di salvare il mondo, il mondo \u00e8 gi\u00e0 salvo, \u00e8 che non lo sa. Quello che possiamo fare \u00e8 prendere sul serio questa pagine: siamo chiamati a creare delle zone franche, degli spazi di verit\u00e0 nelle nostre citt\u00e0 isteriche in cui ognuno sia. Nel realizzare questo grande sogno, aspettando che il Regno contagi ogni uomo e lo renda felice, aspettando il ritorno glorioso del Maestro, ognuno scopre di essere amato e di avere un progetto (grande) da realizzare. Che sia un premio Nobel o una colf poco importa, ognuno ha un destino da realizzare, una vocazione da vivere. In questa domenica tutta la Chiesa prega per le vocazioni: che ogni uomo scopra il suo ruolo e la sua chiamata a diventare santo cio\u00e8 come Dio, amante come lui.<\/p>\n<p><strong>Preti<\/strong><\/p>\n<p style=\"text-align: justify;\">In questo progetto alcuni fratelli sono chiamati da Dio e dalla comunit\u00e0 a rendere presente il Cristo nel ministero della Parola (spiegare le Scritture) e nella celebrazione dell&#8217;Eucarestia e del Perdono. A esempio del Buon Pastore, con tutti i loro difetti e i loro limiti, diventano i pionieri di questo cammino verso il Regno. Vogliate bene ai vostri preti! Belli o brutti, simpatici o scontrosi, giovani o attempati! Chiedetegli ci\u00f2 che di pi\u00f9 prezioso hanno: Cristo. Per il resto, aiutateli a camminare nella serenit\u00e0 del Vangelo e, soprattutto, non giudicateli male perch\u00e9 il mistero di una chiamata al sacerdozio \u00e8 quanto di pi\u00f9 coinvolgente e totalizzante accada in una persona e non pu\u00f2 mai essere banalizzato dalla nostra superficialit\u00e0. Perch\u00e9 ogni prete, anche il pi\u00f9 incoerente, almeno una volta ha detto di s\u00ec totalmente e passionalmente al Progetto di Dio su di lui e per questo \u00e8 degno di grande rispetto. \u00c8 Cristo che ci conduce, \u00e8 lui che ci porta, fidiamoci della sua Parola, lasciamoci condurre verso Dio.<\/p>\n<\/div>\n<p class=\"link\" style=\"text-align: justify;\"><a href=\"http:\/\/www.paolocurtaz.it\">www.paolocurtaz.it<\/a><\/p>\n","protected":false},"excerpt":{"rendered":"<p>Il commento al Vangelo della domenica a cura del teologo e scrittore Paolo Curtaz.<\/p>\n","protected":false},"author":3,"featured_media":0,"comment_status":"closed","ping_status":"closed","sticky":false,"template":"","format":"standard","meta":{"_kad_post_transparent":"","_kad_post_title":"","_kad_post_layout":"","_kad_post_sidebar_id":"","_kad_post_content_style":"","_kad_post_vertical_padding":"","_kad_post_feature":"","_kad_post_feature_position":"","_kad_post_header":false,"_kad_post_footer":false,"_kad_post_classname":"","footnotes":""},"categories":[102,147],"tags":[223,172,83],"class_list":["post-233621","post","type-post","status-publish","format-standard","hentry","category-102","category-commento-al-vangelo","tag-paolo-curtaz","tag-vangelo-della-domenica","tag-youtube"],"_links":{"self":[{"href":"https:\/\/archivio.cercoiltuovolto.it\/index.php?rest_route=\/wp\/v2\/posts\/233621","targetHints":{"allow":["GET"]}}],"collection":[{"href":"https:\/\/archivio.cercoiltuovolto.it\/index.php?rest_route=\/wp\/v2\/posts"}],"about":[{"href":"https:\/\/archivio.cercoiltuovolto.it\/index.php?rest_route=\/wp\/v2\/types\/post"}],"author":[{"embeddable":true,"href":"https:\/\/archivio.cercoiltuovolto.it\/index.php?rest_route=\/wp\/v2\/users\/3"}],"replies":[{"embeddable":true,"href":"https:\/\/archivio.cercoiltuovolto.it\/index.php?rest_route=%2Fwp%2Fv2%2Fcomments&post=233621"}],"version-history":[{"count":0,"href":"https:\/\/archivio.cercoiltuovolto.it\/index.php?rest_route=\/wp\/v2\/posts\/233621\/revisions"}],"wp:attachment":[{"href":"https:\/\/archivio.cercoiltuovolto.it\/index.php?rest_route=%2Fwp%2Fv2%2Fmedia&parent=233621"}],"wp:term":[{"taxonomy":"category","embeddable":true,"href":"https:\/\/archivio.cercoiltuovolto.it\/index.php?rest_route=%2Fwp%2Fv2%2Fcategories&post=233621"},{"taxonomy":"post_tag","embeddable":true,"href":"https:\/\/archivio.cercoiltuovolto.it\/index.php?rest_route=%2Fwp%2Fv2%2Ftags&post=233621"}],"curies":[{"name":"wp","href":"https:\/\/api.w.org\/{rel}","templated":true}]}}