{"id":233607,"date":"2012-04-20T07:56:11","date_gmt":"2012-04-20T07:56:11","guid":{"rendered":"https:\/\/archivio.cercoiltuovolto.it\/?p=233607"},"modified":"2012-04-20T07:56:11","modified_gmt":"2012-04-20T07:56:11","slug":"la-famiglia-speranza-della-chiesa-della-societa","status":"publish","type":"post","link":"https:\/\/archivio.cercoiltuovolto.it\/?p=233607","title":{"rendered":"La famiglia: Speranza della Chiesa e della societ\u00e0"},"content":{"rendered":"<figure id=\"attachment_23849\" aria-describedby=\"caption-attachment-23849\" style=\"width: 191px\" class=\"wp-caption alignleft\"><a href=\"http:\/\/www.cercoiltuovolto.it\/wp-content\/uploads\/2012\/04\/La-famiglia-Speranza-della-Chiesa-e-della-societ\u00e0.jpg\"><img loading=\"lazy\" decoding=\"async\" class=\"size-medium wp-image-23849\" title=\"La famiglia- Speranza della Chiesa e della societ\u00e0\" src=\"http:\/\/www.cercoiltuovolto.it\/wp-content\/uploads\/2012\/04\/La-famiglia-Speranza-della-Chiesa-e-della-societ\u00e0-191x300.jpg\" alt=\"Copertina del libro: La famiglia: Speranza della Chiesa e della societ\u00e0\" width=\"191\" height=\"300\" \/><\/a><figcaption id=\"caption-attachment-23849\" class=\"wp-caption-text\">Copertina del libro: La famiglia: Speranza della Chiesa e della societ\u00e0<\/figcaption><\/figure>\n<p style=\"text-align: justify;\">Il prossimo\u00a0<strong>Incontro Mondiale delle Famiglie<\/strong>, che si terr\u00e0 a Milano dal 30 maggio al 3 giugno 2012, rappresenta senz\u2019altro un\u2019occasione unica per riflettere, in un\u2019epoca di cos\u00ec profondi cambiamenti del tessuto sociale e culturale, sul valore della famiglia e in particolare sulla vocazione della famiglia cristiana.<\/p>\n<p style=\"text-align: justify;\">Questo testo, attingendo al ricco magistero di Benedetto XVI in questi anni di pontificato, vuole essere un aiuto prezioso e concreto per riscoprire la bellezza del matrimonio, vissuto nella fecondit\u00e0 e nella gratuit\u00e0 dell\u2019amore. Come evidenzia Giuliano Vigini nell\u2019introduzione al libro, l\u2019assunto di base di tutti gli interventi del Papa \u00e8 che la famiglia e il matrimonio non sono\u00a0<em>\u201ccostruzioni sociologiche dipendenti da situazioni storiche ed economiche particolari, ma si ricollegano direttamente alla vocazione originaria dell\u2019essere umano, nel vincolo indissolubile tra spirito e corpo, grazie al quale la persona esprime compiutamente, non solo la profondit\u00e0 dell\u2019amore, ma tutta se stessa\u201d.\u00a0<\/em>Ritorna costantemente, nelle parole di\u00a0<strong>Benedetto XVI<\/strong>, quell\u2019immagine di famiglia come piccola\u00a0<strong>\u201cChiesa domestica\u201d<\/strong>\u00a0elaborata da san Giovanni Crisostomo, recuperata dal<strong>Concilio Vaticano II<\/strong>\u00a0e ripresa in molte occasioni dai pontefici che hanno preceduto Benedetto XVI. La famiglia, insomma, non solo come cellula della societ\u00e0, ma anche come cellula della Chiesa, soggetto ecclesiale di primo piano.<\/p>\n<p style=\"text-align: justify;\">I diversi testi proposti vogliono offrire agli adulti, ai giovani e a tutti coloro che si apprestano a unirsi in matrimonio, un contributo per approfondire e meditare sui tanti aspetti legati alla vita coniugale, e su quello che la Chiesa si attende dalla famiglia, per una societ\u00e0 nuova e ricca di vera speranza<\/p>\n<p class=\"acquista-paragrafo\"><a href=\"http:\/\/www.ibs.it\/code\/9788831540971\/zzz99-vigini-g\/famiglia-futuro-della-chiesa.html?shop=3462\" target=\"_blank\">Acquista il libro<\/a> su IBS<\/p>\n<p class=\"acquista-paragrafo\"><a href=\"http:\/\/www.libreriadelsanto.it\/libri\/9788831540971\/la-famiglia.html?p=sot\" target=\"_blank\">Acquista il libro<\/a> su Libreria del Santo<\/p>\n<p><\/p>\n<h3>Ascolta l&#8217;intervista all&#8217;autore<\/h3>\n<p style=\"text-align: center;\">http:\/\/youtu.be\/PphjgOa092c<\/p>\n<p class=\"acquista-paragrafo\"><a href=\"http:\/\/www.ibs.it\/code\/9788831540971\/zzz99-vigini-g\/famiglia-futuro-della-chiesa.html?shop=3462\" target=\"_blank\">Acquista il libro<\/a> su IBS<\/p>\n<p class=\"acquista-paragrafo\"><a href=\"http:\/\/www.libreriadelsanto.it\/libri\/9788831540971\/la-famiglia.html?p=sot\" target=\"_blank\">Acquista il libro<\/a> su Libreria del Santo<\/p>\n<div id=\"dettaglioComunicatoStampaSezione3\" style=\"text-align: justify;\"><strong>AUTORI<\/strong><br \/><strong>Giuliano Vigini<\/strong>\u00a0(curatore)<br \/>\u00e8 uno dei nomi pi\u00f9 noti della cultura cattolica. Nella sua vasta attivit\u00e0 critica e bibliografica (oltre 200 pubblicazioni in volume), assume una rilevanza particolare la \u00abBibbia Paoline\u00bb: testo e analitico commento a fronte di tutti i libri biblici. Fra le ultime opere in questa serie, con la nuova versione ufficiale della CEI, il commento a\u00a0<em>Vangeli e Atti degli Apostoli<\/em>\u00a0(2008), a Il\u00a0<em>Nuovo Testamento<\/em>\u00a0(2009), a\u00a0<em>Salmi e Libri sapienziali<\/em>\u00a0(2009) e a\u00a0<em>Lettere e Apocalisse<\/em>\u00a0(2010). Nella sezione \u00abGuide e sussidi\u00bb si segnalano la\u00a0<em>Guida alla Bibbia<\/em>\u00a0(20102) e il\u00a0<em>Vocabolario del Nuovo Testamento greco-italiano<\/em>, con il lessico analitico dei verbi (2010), il\u00a0<em>Dizionario del Nuovo Testamento. Concetti fondamentali, parole-chiave, termini, espressioni caratteristiche<\/em>\u00a0(2011).<\/div>\n","protected":false},"excerpt":{"rendered":"<p>Il prossimo\u00a0Incontro Mondiale delle Famiglie, che si terr\u00e0 a Milano dal 30 maggio al 3 giugno 2012, rappresenta senz\u2019altro un\u2019occasione unica per riflettere, in un\u2019epoca di cos\u00ec profondi cambiamenti del tessuto sociale e culturale, sul valore della famiglia e in particolare sulla vocazione della famiglia cristiana. Questo testo, attingendo al ricco magistero di Benedetto XVI&#8230;<\/p>\n","protected":false},"author":3,"featured_media":0,"comment_status":"closed","ping_status":"closed","sticky":false,"template":"","format":"standard","meta":{"_kad_post_transparent":"","_kad_post_title":"","_kad_post_layout":"","_kad_post_sidebar_id":"","_kad_post_content_style":"","_kad_post_vertical_padding":"","_kad_post_feature":"","_kad_post_feature_position":"","_kad_post_header":false,"_kad_post_footer":false,"_kad_post_classname":"","footnotes":""},"categories":[102,127],"tags":[88,608,17],"class_list":["post-233607","post","type-post","status-publish","format-standard","hentry","category-102","category-benedetto-xvi","tag-famiglia","tag-featured","tag-libri"],"_links":{"self":[{"href":"https:\/\/archivio.cercoiltuovolto.it\/index.php?rest_route=\/wp\/v2\/posts\/233607","targetHints":{"allow":["GET"]}}],"collection":[{"href":"https:\/\/archivio.cercoiltuovolto.it\/index.php?rest_route=\/wp\/v2\/posts"}],"about":[{"href":"https:\/\/archivio.cercoiltuovolto.it\/index.php?rest_route=\/wp\/v2\/types\/post"}],"author":[{"embeddable":true,"href":"https:\/\/archivio.cercoiltuovolto.it\/index.php?rest_route=\/wp\/v2\/users\/3"}],"replies":[{"embeddable":true,"href":"https:\/\/archivio.cercoiltuovolto.it\/index.php?rest_route=%2Fwp%2Fv2%2Fcomments&post=233607"}],"version-history":[{"count":0,"href":"https:\/\/archivio.cercoiltuovolto.it\/index.php?rest_route=\/wp\/v2\/posts\/233607\/revisions"}],"wp:attachment":[{"href":"https:\/\/archivio.cercoiltuovolto.it\/index.php?rest_route=%2Fwp%2Fv2%2Fmedia&parent=233607"}],"wp:term":[{"taxonomy":"category","embeddable":true,"href":"https:\/\/archivio.cercoiltuovolto.it\/index.php?rest_route=%2Fwp%2Fv2%2Fcategories&post=233607"},{"taxonomy":"post_tag","embeddable":true,"href":"https:\/\/archivio.cercoiltuovolto.it\/index.php?rest_route=%2Fwp%2Fv2%2Ftags&post=233607"}],"curies":[{"name":"wp","href":"https:\/\/api.w.org\/{rel}","templated":true}]}}