{"id":233596,"date":"2012-04-17T06:04:40","date_gmt":"2012-04-17T06:04:40","guid":{"rendered":"https:\/\/archivio.cercoiltuovolto.it\/?p=233596"},"modified":"2012-04-17T06:04:40","modified_gmt":"2012-04-17T06:04:40","slug":"wojtyla-generation-love-rock-musical-roma","status":"publish","type":"post","link":"https:\/\/archivio.cercoiltuovolto.it\/?p=233596","title":{"rendered":"Wojtyla generation Love-Rock Musical a Roma"},"content":{"rendered":"<p style=\"text-align: justify;\"><a href=\"http:\/\/www.cercoiltuovolto.it\/wp-content\/uploads\/2012\/04\/love-generation.jpg\"><img loading=\"lazy\" decoding=\"async\" class=\"alignleft size-large wp-image-23679\" title=\"love generation\" src=\"http:\/\/www.cercoiltuovolto.it\/wp-content\/uploads\/2012\/04\/love-generation-323x450.jpg\" alt=\"\" width=\"323\" height=\"450\" \/><\/a>Wojtyla Generation Love-Rock Musical \u00e8 un\u2019opera sui ragazzi che si sono formati sotto il pontificato di Giovanni Paolo II, che la stampa ha chiamato \u201cPapaboys\u201d e che noi abbiamo definito \u201cGenerazione Wojtyla\u201d.<\/p>\n<p style=\"text-align: justify;\">Le musiche non sono liturgiche. La drammaturgia non concede sconti alla cruda e violenta realt\u00e0 in cui i ragazzi oggi vivono e che invece vuole rappresentare. L\u2019opera \u00e8 quindi rivolta a tutti. I ragazzi del Papa sono giovani che, come tutti i loro coetanei, amano cantare, ballare e divertirsi, senza per\u00f2 farsi inghiottire dal mondo dell\u2019effimero, dell\u2019apparire, del cinismo e dell\u2019arrivare a tutti i costi.<\/p>\n<p style=\"text-align: justify;\">Se pregano \u00e8 perch\u00e9 la preghiera li fa sentire meglio. Se aiutano il prossimo \u00e8 perch\u00e9 in questo modo aiutano anche se stessi. Giovanni Paolo II li ha chiamati a s\u00e9 definendoli \u201csentinelle del mattino\u201d, perch\u00e9 da ogni parte del mondo il sole della speranza, della fratellanza e dell\u2019amore possa sorgere ogni giorno ad illuminare il cammino degli uomini verso Dio.<\/p>\n<p style=\"text-align: justify;\">I ragazzi del papa sono dodici come gli apostoli e provengono da nazioni e continenti diversi. Uomini e donne in eguale numero, per\u00f2, come \u00e8 giusto che sia duemila anni dopo. Degli apostoli portano anche i nomi. Diverso \u00e8 il messaggio, diversa \u00e8 la natura. Apostoli del Papa anzich\u00e8 di Ges\u00f9. Dall\u2019altra parte ci sono i Farisei, un altro gruppo di dodici ragazzi che hanno invece fatto dell\u2019 apparire, del primato della forma sulla sostanza, e poi della violenza, della droga, dell\u2019alcool e del potere, i loro valori, i loro idoli. Il loro capo \u00e8 Paolo, detto il Fariseo.<\/p>\n<h4 style=\"text-align: justify;\">Ascolta la presentazione a <a href=\"http:\/\/www.radiovaticana.org\/IT1\/articolo.asp?c=579340\" target=\"_blank\">Radio Vaticana<\/a><\/h4>\n<div class=\"powerpressbox\">[powerpress]<\/div>\n<p style=\"text-align: center;\">\n<div class=\"entry-content-asset videofit\"><iframe loading=\"lazy\" title=\"Wojtyla Generation Love-Rock Musical\" width=\"720\" height=\"405\" src=\"https:\/\/www.youtube.com\/embed\/Qmh9soOaXCw?feature=oembed\" frameborder=\"0\" allow=\"accelerometer; autoplay; clipboard-write; encrypted-media; gyroscope; picture-in-picture; web-share\" referrerpolicy=\"strict-origin-when-cross-origin\" allowfullscreen><\/iframe><\/div>\n<\/p>\n<p style=\"text-align: center;\">\n<div class=\"entry-content-asset videofit\"><iframe loading=\"lazy\" title=\"Sola - Wojtyla Generation\" width=\"720\" height=\"540\" src=\"https:\/\/www.youtube.com\/embed\/L2WL6ydwN9s?feature=oembed\" frameborder=\"0\" allow=\"accelerometer; autoplay; clipboard-write; encrypted-media; gyroscope; picture-in-picture; web-share\" referrerpolicy=\"strict-origin-when-cross-origin\" allowfullscreen><\/iframe><\/div>\n<\/p>\n<p style=\"text-align: center;\">\n<div class=\"entry-content-asset videofit\"><iframe loading=\"lazy\" title=\"Un Destino Destinato - Wojtyla Generation\" width=\"720\" height=\"540\" src=\"https:\/\/www.youtube.com\/embed\/60z66hvozuE?feature=oembed\" frameborder=\"0\" allow=\"accelerometer; autoplay; clipboard-write; encrypted-media; gyroscope; picture-in-picture; web-share\" referrerpolicy=\"strict-origin-when-cross-origin\" allowfullscreen><\/iframe><\/div>\n<\/p>\n<p style=\"text-align: justify;\">I due gruppi rappresentano le due facce della stessa realt\u00e0 e sono portatori di valori contrapposti e proprio per questo destinati ad incontrarsi e scontrarsi. Ma i farisei non sono demoni e non vanno quindi esorcizzati, ma piuttosto aiutati e di ci\u00f2 i ragazzi del Papa sono ben consapevoli. Tra loro c\u2019\u00e8 chi si \u00e8 perso e cerca la luce, come Tattoo, che per amore della perfida Malfiore si \u00e8 tatuato in ogni parte del corpo e si \u00e8 lasciato andare nella droga.<\/p>\n<p style=\"text-align: justify;\">C\u2019\u00e8 Vanity, che ha fatto dell\u2019apparire e dell\u2019effimero i suoi idoli. E poi c\u2019\u00e8 Medusa, per la quale esiste solo il cubo della discoteca sul quale ama esibirsi ogni sera. Cos\u00ec come i farisei non sono demoni, i ragazzi del Papa non sono santi. Come Giuda Iscariota trad\u00ec Ges\u00f9, anche la nostra Giuditta, personaggio cardine della nostra storia, tradir\u00e0 il suo buon Pietro. A differenza di Giuda ella, per\u00f2, si pentir\u00e0 prima di dare alla luce il bambino, frutto del suo tradimento con Fariseo, verso cui \u00e8 rimasta attratta, travolta dal suo inconsapevole desiderio di trasgressione. Come Giuda anche la nostra Giuditta alla fine morir\u00e0, ma non sar\u00e0 invano.<\/p>\n<p style=\"text-align: justify;\">Il suo sacrificio sar\u00e0 offerto sull\u2019altare della redenzione di Fariseo, che come Saulo, si convertir\u00e0 e torner\u00e0 ad essere Paolo. E lo far\u00e0 proprio il giorno in cui ritrover\u00e0 suo figlio ed il Santo Padre morir\u00e0. Ed allora, in una grande piazza colma di commozione e dolore, i nostri dodici ragazzi ed i farisei si ritroveranno finalmente uniti, tutti insieme, mano nella mano, in un grande abbraccio.<\/p>\n<p style=\"text-align: justify;\">Tre momenti da sottolineare.<\/p>\n<ol>\n<li>Giuditta che, attratta dal Paolo il Fariseo, tradir\u00e0 i suoi amici ed il suo Pietro.<\/li>\n<li>Giuditta che, pentita, torner\u00e0 dai suoi ma morir\u00e0 pi\u00f9 tardi tra le braccia di Pietro, tenendo in braccio il figlio nato dal suo rapporto con il fariseo.<\/li>\n<li>Il fariseo, folgorato come San Paolo, si convertir\u00e0 la notte in cui il Papa morir\u00e0 e torner\u00e0 ad essere Paolo tenendo a sua volta in braccio il figlio suo e di Giuditta.<\/li>\n<\/ol>\n<p style=\"text-align: justify;\">La figura di Papa Giovanni Paolo II viene mostrata solo attraverso immagini vere e se ne ascolta la voce, ma non \u00e8 \u201cin scena\u201d. L\u2019opera \u00e8 interamente cantata. Due le partiture musicali: una lirica, l\u2019altra leggera (tra rock e pop). Ma vi saranno anche alcuni brani che avranno partiture sia liriche che leggere, in quanto cantate a pi\u00f9 voci. Altra peculiarit\u00e0 \u00e8 che ognuno canter\u00e0 nella propria lingua (italiano, inglese, francese, spagnolo, con piccoli interventi anche in portoghese, polacco, tedesco ed africano).<\/p>\n<blockquote>\n<p>Il musical andr\u00e0 in scena a Roma al<strong>\u00a0Teatro Orione dal 4 al 6 maggio prossimi, e successivamente in tour nei pi\u00f9 prestigiosi teatri italiani.<\/strong><\/p>\n<p>INFO E PREVENDITE<br \/>Prenotazioni tel. 06. 77206960 &#8211; 338 9050338<br \/>Prenotazioni per scuole e gruppi tel. 06.23260003 &#8211; 3381604968<br \/>Prevendite dal: 10 Aprile\u00a0<br \/>Biglietti acquistabili al botteghino del Teatro Orione (Via Tortona, 7 Roma)<\/p>\n<\/blockquote>\n","protected":false},"excerpt":{"rendered":"<p>Wojtyla Generation Love-Rock Musical \u00e8 un\u2019opera sui ragazzi che si sono formati sotto il pontificato di Giovanni Paolo II, che la stampa ha chiamato \u201cPapaboys\u201d e che noi abbiamo definito \u201cGenerazione Wojtyla\u201d. Le musiche non sono liturgiche. La drammaturgia non concede sconti alla cruda e violenta realt\u00e0 in cui i ragazzi oggi vivono e che&#8230;<\/p>\n","protected":false},"author":3,"featured_media":0,"comment_status":"closed","ping_status":"closed","sticky":false,"template":"","format":"standard","meta":{"_kad_post_transparent":"","_kad_post_title":"","_kad_post_layout":"","_kad_post_sidebar_id":"","_kad_post_content_style":"","_kad_post_vertical_padding":"","_kad_post_feature":"","_kad_post_feature_position":"","_kad_post_header":false,"_kad_post_footer":false,"_kad_post_classname":"","footnotes":""},"categories":[102,120],"tags":[154,153,165],"class_list":["post-233596","post","type-post","status-publish","format-standard","hentry","category-102","category-giovanni-paolo-ii","tag-iniziative","tag-musical","tag-teatro"],"_links":{"self":[{"href":"https:\/\/archivio.cercoiltuovolto.it\/index.php?rest_route=\/wp\/v2\/posts\/233596","targetHints":{"allow":["GET"]}}],"collection":[{"href":"https:\/\/archivio.cercoiltuovolto.it\/index.php?rest_route=\/wp\/v2\/posts"}],"about":[{"href":"https:\/\/archivio.cercoiltuovolto.it\/index.php?rest_route=\/wp\/v2\/types\/post"}],"author":[{"embeddable":true,"href":"https:\/\/archivio.cercoiltuovolto.it\/index.php?rest_route=\/wp\/v2\/users\/3"}],"replies":[{"embeddable":true,"href":"https:\/\/archivio.cercoiltuovolto.it\/index.php?rest_route=%2Fwp%2Fv2%2Fcomments&post=233596"}],"version-history":[{"count":0,"href":"https:\/\/archivio.cercoiltuovolto.it\/index.php?rest_route=\/wp\/v2\/posts\/233596\/revisions"}],"wp:attachment":[{"href":"https:\/\/archivio.cercoiltuovolto.it\/index.php?rest_route=%2Fwp%2Fv2%2Fmedia&parent=233596"}],"wp:term":[{"taxonomy":"category","embeddable":true,"href":"https:\/\/archivio.cercoiltuovolto.it\/index.php?rest_route=%2Fwp%2Fv2%2Fcategories&post=233596"},{"taxonomy":"post_tag","embeddable":true,"href":"https:\/\/archivio.cercoiltuovolto.it\/index.php?rest_route=%2Fwp%2Fv2%2Ftags&post=233596"}],"curies":[{"name":"wp","href":"https:\/\/api.w.org\/{rel}","templated":true}]}}