{"id":233590,"date":"2012-04-14T13:09:20","date_gmt":"2012-04-14T13:09:20","guid":{"rendered":"https:\/\/archivio.cercoiltuovolto.it\/?p=233590"},"modified":"2012-04-14T13:09:20","modified_gmt":"2012-04-14T13:09:20","slug":"commento-al-vangelo-di-domenica-15-aprile-2012-padre-bruno-secondin","status":"publish","type":"post","link":"https:\/\/archivio.cercoiltuovolto.it\/?p=233590","title":{"rendered":"Commento al Vangelo di domenica 15 aprile 2012 &#8211; padre Bruno Secondin"},"content":{"rendered":"<p style=\"text-align: center;\"><img loading=\"lazy\" decoding=\"async\" class=\"aligncenter size-full wp-image-14846\" title=\"padre carmelitano Bruno Secondin\" src=\"http:\/\/www.cercoiltuovolto.it\/wp\/wp-content\/uploads\/2010\/11\/secondin.png\" alt=\"\" width=\"412\" height=\"132\" \/><\/p>\n<p style=\"text-align: justify;\">Nella seconda Domenica di Pasqua, Domenica della Divina Misericordia, la liturgia ci propone il passo del Vangelo in cui Tommaso non crede agli altri discepoli che raccontano come sia apparso loro il Cristo risorto. Ges\u00f9 appare un\u2019altra volta, con Tommaso presente, e lo esorta a toccarlo laddove \u00e8 stato trafitto dai chiodi. Alla professione di fede del discepolo, il Signore dice:<\/p>\n<blockquote>\n<p style=\"text-align: justify;\">\u00abPerch\u00e9 mi hai veduto, tu hai creduto; beati quelli che non hanno visto e hanno creduto!\u00bb.<\/p>\n<\/blockquote>\n<p>Su questo brano del Vangelo, ascoltiamo il commento del carmelitano, padre Bruno Secondin, docente di Teologia spirituale alla Pontificia Universit\u00e0 Gregoriana:<\/p>\n<blockquote>\n<p style=\"text-align: justify;\">Due apparizioni del risorto, separate da otto giorni, sono raccontate nel Vangelo, e tutte due \u201ca porte chiuse\u201d, ricorda bene Giovanni. Sia per indicare che ora la situazione corporea di Ges\u00f9 non \u00e8 semplicemente quella di una morto tornato in vita, ma anche per riconoscere un essere vivente dotato di propriet\u00e0 sconosciute, di un\u2019aura di luce e di pace. E tuttavia in quel corpo \u00e8 ancora evidente e tangibile la traccia della violenza: mani e fianco segnati dal dolore sono mostrati prima ai discepoli e poi a Tommaso. E non suscitano orrore, ma gioia e stupore. La missione che Ges\u00f9 affida ai suoi discepoli per la guarigione e il perdono di ogni male, non prescinde da quelle piaghe, ma anzi \u00e8 fondata proprio in quel corpo ferito. Dalle sue piaghe siamo stati guariti, dalle sue piaghe emanano la luce e la misericordia. \u00c8 un perdono a caro prezzo, soprattutto dato con amore senza prezzo. Tutta una vita spesa e sprecata per portare le ferite e le oscurit\u00e0 di tutti, le angosce e le speranze: per una nuova fecondit\u00e0 dell\u2019amare e del vivere, dello sperare e del convivere. Segni innumerevoli che restano forse sotto traccia, eppure fermentano misteriosamente l\u2019universo intero. Diciamo anche noi con coraggio: \u201cMio Signore e mio Dio!\u201d.<\/p>\n<\/blockquote>\n<p class=\"link\" style=\"text-align: justify;\">Fonte: <a href=\"http:\/\/www.radiovaticana.org\/it1\/Articolo.asp?c=579793\" target=\"_blank\">RadioVaticana<\/a><\/p>\n<div class=\"powerpressbox\">[powerpress]<\/div>\n","protected":false},"excerpt":{"rendered":"<p>Nella seconda Domenica di Pasqua, Domenica della Divina Misericordia, la liturgia ci propone il passo del Vangelo in cui Tommaso non crede agli altri discepoli che raccontano come sia apparso loro il Cristo risorto. Ges\u00f9 appare un\u2019altra volta, con Tommaso presente, e lo esorta a toccarlo laddove \u00e8 stato trafitto dai chiodi. Alla professione di&#8230;<\/p>\n","protected":false},"author":3,"featured_media":0,"comment_status":"closed","ping_status":"closed","sticky":false,"template":"","format":"standard","meta":{"_kad_post_transparent":"","_kad_post_title":"","_kad_post_layout":"","_kad_post_sidebar_id":"","_kad_post_content_style":"","_kad_post_vertical_padding":"","_kad_post_feature":"","_kad_post_feature_position":"","_kad_post_header":false,"_kad_post_footer":false,"_kad_post_classname":"","footnotes":""},"categories":[102,4],"tags":[5,608,27],"class_list":["post-233590","post","type-post","status-publish","format-standard","hentry","category-102","category-audio-cattolici","tag-commento-al-vangelo","tag-featured","tag-radio-vaticana"],"_links":{"self":[{"href":"https:\/\/archivio.cercoiltuovolto.it\/index.php?rest_route=\/wp\/v2\/posts\/233590","targetHints":{"allow":["GET"]}}],"collection":[{"href":"https:\/\/archivio.cercoiltuovolto.it\/index.php?rest_route=\/wp\/v2\/posts"}],"about":[{"href":"https:\/\/archivio.cercoiltuovolto.it\/index.php?rest_route=\/wp\/v2\/types\/post"}],"author":[{"embeddable":true,"href":"https:\/\/archivio.cercoiltuovolto.it\/index.php?rest_route=\/wp\/v2\/users\/3"}],"replies":[{"embeddable":true,"href":"https:\/\/archivio.cercoiltuovolto.it\/index.php?rest_route=%2Fwp%2Fv2%2Fcomments&post=233590"}],"version-history":[{"count":0,"href":"https:\/\/archivio.cercoiltuovolto.it\/index.php?rest_route=\/wp\/v2\/posts\/233590\/revisions"}],"wp:attachment":[{"href":"https:\/\/archivio.cercoiltuovolto.it\/index.php?rest_route=%2Fwp%2Fv2%2Fmedia&parent=233590"}],"wp:term":[{"taxonomy":"category","embeddable":true,"href":"https:\/\/archivio.cercoiltuovolto.it\/index.php?rest_route=%2Fwp%2Fv2%2Fcategories&post=233590"},{"taxonomy":"post_tag","embeddable":true,"href":"https:\/\/archivio.cercoiltuovolto.it\/index.php?rest_route=%2Fwp%2Fv2%2Ftags&post=233590"}],"curies":[{"name":"wp","href":"https:\/\/api.w.org\/{rel}","templated":true}]}}