{"id":233588,"date":"2012-04-15T12:30:40","date_gmt":"2012-04-15T12:30:40","guid":{"rendered":"https:\/\/archivio.cercoiltuovolto.it\/?p=233588"},"modified":"2012-04-15T12:30:40","modified_gmt":"2012-04-15T12:30:40","slug":"festival-biblico-2012","status":"publish","type":"post","link":"https:\/\/archivio.cercoiltuovolto.it\/?p=233588","title":{"rendered":"Festival Biblico 2012"},"content":{"rendered":"<h2 style=\"text-align: center;\"><a href=\"http:\/\/www.cercoiltuovolto.it\/wp-content\/uploads\/2012\/04\/FB2012-Logo-edizione.jpg\"><img loading=\"lazy\" decoding=\"async\" class=\"aligncenter size-medium wp-image-23657\" title=\"FB2012-Logo-edizione\" src=\"http:\/\/www.cercoiltuovolto.it\/wp-content\/uploads\/2012\/04\/FB2012-Logo-edizione-455x300.jpg\" alt=\"\" width=\"455\" height=\"300\" \/><\/a><\/h2>\n<h2 style=\"text-align: center;\">Grandi ospiti internazionali, inaugurazione con Enzo Bianchi e Ferruccio De Bortoli, allargamento alla citt\u00e0 di Verona<\/h2>\n<h2 style=\"text-align: center;\">Il Festival Biblico 2012 svela le sue novit\u00e0<\/h2>\n<p style=\"text-align: justify;\">Vicenza (21 marzo) \u2013 Oltre 120 ospiti, 2 capoluoghi di provincia sedi della manifestazione, altri 12 centri interessati, un carattere sempre pi\u00f9 internazionale grazie a diverse personalit\u00e0 provenienti da ogni parte del mondo e a un simposio accademico sulle terre della Bibbia. L\u2019VIII edizione del Festival Biblico, in programma dal 18 al 27 maggio a Vicenza, Verona (vedi comunicato allegato) e in altri 12 centri della diocesi vicentina sul tema \u00ab\u201cPerch\u00e9 avete paura?\u201d (Mc 4,40). La Speranza dalle Scritture\u00bb, si presenta ricca di novit\u00e0, che saranno presentate questa sera durante la serata di Anteprima con padre Ermes Ronchi al santuario di Monte Berico (Vi).<\/p>\n<p style=\"text-align: center;\">\n<div class=\"entry-content-asset videofit\"><iframe loading=\"lazy\" title=\"120208 Nuova &amp;apos;linfa&amp;apos; per il Festival Biblico\" width=\"720\" height=\"405\" src=\"https:\/\/www.youtube.com\/embed\/rKUT_8zSv78?feature=oembed\" frameborder=\"0\" allow=\"accelerometer; autoplay; clipboard-write; encrypted-media; gyroscope; picture-in-picture; web-share\" referrerpolicy=\"strict-origin-when-cross-origin\" allowfullscreen><\/iframe><\/div>\n<\/p>\n<p style=\"text-align: justify;\">La serata inaugurale si terr\u00e0 gioved\u00ec 24 maggio quando, nella Cattedrale di Vicenza, il priore della Comunit\u00e0 di Bose Enzo Bianchi dialogher\u00e0 con Ferruccio De Bortoli, direttore del Corriere della sera, in un omaggio al cardinal Carlo Maria Martini, grande conoscitore e \u00abdiffusore\u00bb della Scrittura.<\/p>\n<p style=\"text-align: justify;\">Gli ambiti di approfondimento del Festival saranno 4: biblico-teologico (\u00abLa Speranza dalla Parola\u00bb), socio-culturale (\u00abLa Speranza dall\u2019Uomo\u00bb), storico- archeologico (\u00abLa Speranza dalle Terre\u00bb), artistico-musicale (\u00abLa Speranza dalla bellezza\u00bb). I centri della diocesi vicentina interessati dal Festival diventano quest\u2019anno 12: Bassano del Grappa-Nove, Valdagno-Brogliano, Arzignano-Chiampo, Lonigo, Montecchio Maggiore, Dueville, Marola, Schio, Piazzola sul Brenta.<\/p>\n<p style=\"text-align: justify;\">Il carattere internazionale del Festival viene sottolineato da numerose e autorevoli\u00a0presenze straniere: Zygmunt Bauman, il noto sociologo di Leeds (Gran Bretagna), il poeta bosniaco Abdulah Sidran, pi\u00f9 volte candidato al Premio Nobel, il cardinale Joseph Zen, vescovo emerito di Hong Kong; Mordechay Lewy, ambasciatore dello Stato di Israele presso la Santa Sede, Dan Bahat, archeologo israeliano di fama mondiale, suor Helen Prejean, suora americana, impegnata nella lotta contro la pena di morte (ispir\u00f2 il film Dead Man Walking, vincitore di 4 premi Oscar), Leonel Narv\u00e0ez, missionario colombiano, il biblista belga Fr\u00e9d\u00e9ric Manns.<\/p>\n<p style=\"text-align: justify;\">Il ministro per l\u2019Integrazione e la Cooperazione internazionale Andrea Riccardi, fondatore della Comunit\u00e0 di Sant\u2019Egidio, interverr\u00e0 al Festival domenica 27 maggio in un dialogo con Antonio Sciortino, direttore di Famiglia cristiana.<\/p>\n<p style=\"text-align: justify;\">Molto qualificato il \u00abparterre\u00bb degli studiosi di Sacra Scrittura, ai quali spetter\u00e0 il compito di indagare, nel percorso teologico, la Bibbia alla ricerca delle speranze capaci di superare le paure umane: Romano Penna, Ugo Vanni, Francesco Rossi de Gasperis, Bruna Costacurta, Luca Mazzinghi, Ugo Vanni, Lidia Maggi, Martino Signoretto, Riccardo Lufrani, Stefano De Luca, Antonella Anghinoni, e altri.<\/p>\n<p style=\"text-align: justify;\">Nutrita anche la pattuglia di filosofi e teologi, tra i quali Umberto Curi, Giacomo Canobbio, Duccio Demetrio, Massimo Fini, Angelo Casati, Silvano Petrosino, Adriano Fabris, Francesco Brancato, Ugo Sartorio.<\/p>\n<p style=\"text-align: justify;\">Folto pure l\u2019apporto di testimoni, giornalisti e osservatori della societ\u00e0, incaricati di scorgere nei meandri del nostro tempo luci e indicatori di una speranza pi\u00f9 forte: negli appuntamenti socio-culturali si alterneranno, fra gli altri, Ernesto Olivero, fondatore del Sermig, monsignor Giancarlo Maria Bregantini, arcivescovo di Campobasso-Boiano, Laura Boldrini, portavoce dell\u2019Alto Commissariato Onu per i rifugiati, Bartolomeo Sorge, direttore di Aggiornamenti sociali, Alessandro Zaccuri, giornalista di Avvenire, Aldo Maria Valli, vaticanista del Tg1, Vittorio Filippi, sociologo dell\u2019universit\u00e0 di Venezia, don Luigi Verdi, fondatore della Fraternit\u00e0 di Romena, Gerolamo Fazzini, direttore editoriale di Mondo e Missione, suor Eugenia Bonetti, religiosa impegnata contro la tratta delle donne.<\/p>\n<p style=\"text-align: justify;\">Novit\u00e0 assoluta del Festival 2012 sar\u00e0 il focus sulle terre bibliche Linfa dell\u2019ulivo (<a href=\"http:\/\/www.linfadellulivo.it\" target=\"_blank\">www.linfadellulivo.it<\/a>), organizzato dall\u2019Ufficio pellegrinaggi della diocesi di Vicenza, che (dal 24 al 26 maggio) riunir\u00e0 &#8211; sempre nel capoluogo berico &#8211; esperti, studiosi, storici, archeologi dei territori interessati dalla Bibbia (dalla Turchia fino all\u2019Iraq) per analizzare le scoperte pi\u00f9 significative, i ritrovamenti, le indagini storiche e storiografiche riguardanti la Scrittura, le sue terre e la sua storia.<\/p>\n<p style=\"text-align: justify;\">Fedele alla sua vocazione di presentare la Bibbia secondo una pluralit\u00e0 di linguaggi, il Festival offrir\u00e0 una serie di eventi musicali e artistici, fra i quali i concerti di Roberto Vecchioni, Luca Bassanese, Ars Cantus, e altri. Infine, dal 15 aprile al 10 giugno sar\u00e0 proposta la mostra di illustrazione per l\u2019infanzia \u00abLa paura e la speranza. I colori delle emozioni\u00bb, in collaborazione con la Fondazione Stepan Zavrel di Sarmede (Vi), con 95 opere origini di illustratori professionisti provenienti da diverse parti del mondo.<\/p>\n<p style=\"text-align: justify;\">Sul sito internet <a href=\"http:\/\/www.festivalbiblico.it\" target=\"_blank\">www.festivalbiblico.it<\/a> si trova il programma provvisorio del Festival in via di aggiornamento. <br \/>Per informazioni, segreteria@festivalbiblico.it; tel. 0444-937499.<\/p>\n<p style=\"text-align: center;\">\n<div class=\"entry-content-asset videofit\"><iframe loading=\"lazy\" title=\"120328 Padre Ermes Ronchi &amp;apos;anticipa&amp;apos; il Festival\" width=\"720\" height=\"405\" src=\"https:\/\/www.youtube.com\/embed\/QhAl-L6Y1-I?feature=oembed\" frameborder=\"0\" allow=\"accelerometer; autoplay; clipboard-write; encrypted-media; gyroscope; picture-in-picture; web-share\" referrerpolicy=\"strict-origin-when-cross-origin\" allowfullscreen><\/iframe><\/div>\n<\/p>\n<p style=\"text-align: center;\"><a href=\"http:\/\/www.cercoiltuovolto.it\/wp-content\/uploads\/2012\/04\/anticipazioni-festival-biblico.jpg\"><img loading=\"lazy\" decoding=\"async\" class=\"aligncenter size-medium wp-image-23658\" title=\"anticipazioni festival biblico\" src=\"http:\/\/www.cercoiltuovolto.it\/wp-content\/uploads\/2012\/04\/anticipazioni-festival-biblico-421x300.jpg\" alt=\"\" width=\"421\" height=\"300\" \/><\/a><\/p>\n<h3 style=\"text-align: center;\"><a href=\"http:\/\/www.festivalbiblico.it\/contenuti\/anticipazioni2012.pdf\">Scarica il <em>PDF<\/em><\/a><\/h3>\n","protected":false},"excerpt":{"rendered":"<p>Grandi ospiti internazionali, inaugurazione con Enzo Bianchi e Ferruccio De Bortoli, allargamento alla citt\u00e0 di Verona Il Festival Biblico 2012 svela le sue novit\u00e0 Vicenza (21 marzo) \u2013 Oltre 120 ospiti, 2 capoluoghi di provincia sedi della manifestazione, altri 12 centri interessati, un carattere sempre pi\u00f9 internazionale grazie a diverse personalit\u00e0 provenienti da ogni parte&#8230;<\/p>\n","protected":false},"author":3,"featured_media":0,"comment_status":"closed","ping_status":"closed","sticky":false,"template":"","format":"standard","meta":{"_kad_post_transparent":"","_kad_post_title":"","_kad_post_layout":"","_kad_post_sidebar_id":"","_kad_post_content_style":"","_kad_post_vertical_padding":"","_kad_post_feature":"","_kad_post_feature_position":"","_kad_post_header":false,"_kad_post_footer":false,"_kad_post_classname":"","footnotes":""},"categories":[102,609],"tags":[477,117],"class_list":["post-233588","post","type-post","status-publish","format-standard","hentry","category-102","category-featured","tag-festival-biblico","tag-incontri"],"_links":{"self":[{"href":"https:\/\/archivio.cercoiltuovolto.it\/index.php?rest_route=\/wp\/v2\/posts\/233588","targetHints":{"allow":["GET"]}}],"collection":[{"href":"https:\/\/archivio.cercoiltuovolto.it\/index.php?rest_route=\/wp\/v2\/posts"}],"about":[{"href":"https:\/\/archivio.cercoiltuovolto.it\/index.php?rest_route=\/wp\/v2\/types\/post"}],"author":[{"embeddable":true,"href":"https:\/\/archivio.cercoiltuovolto.it\/index.php?rest_route=\/wp\/v2\/users\/3"}],"replies":[{"embeddable":true,"href":"https:\/\/archivio.cercoiltuovolto.it\/index.php?rest_route=%2Fwp%2Fv2%2Fcomments&post=233588"}],"version-history":[{"count":0,"href":"https:\/\/archivio.cercoiltuovolto.it\/index.php?rest_route=\/wp\/v2\/posts\/233588\/revisions"}],"wp:attachment":[{"href":"https:\/\/archivio.cercoiltuovolto.it\/index.php?rest_route=%2Fwp%2Fv2%2Fmedia&parent=233588"}],"wp:term":[{"taxonomy":"category","embeddable":true,"href":"https:\/\/archivio.cercoiltuovolto.it\/index.php?rest_route=%2Fwp%2Fv2%2Fcategories&post=233588"},{"taxonomy":"post_tag","embeddable":true,"href":"https:\/\/archivio.cercoiltuovolto.it\/index.php?rest_route=%2Fwp%2Fv2%2Ftags&post=233588"}],"curies":[{"name":"wp","href":"https:\/\/api.w.org\/{rel}","templated":true}]}}