{"id":233577,"date":"2012-04-11T20:51:05","date_gmt":"2012-04-11T20:51:05","guid":{"rendered":"https:\/\/archivio.cercoiltuovolto.it\/?p=233577"},"modified":"2012-04-11T20:51:05","modified_gmt":"2012-04-11T20:51:05","slug":"udienza-generale-del-santo-padre-mp3-11-aprile-2012","status":"publish","type":"post","link":"https:\/\/archivio.cercoiltuovolto.it\/?p=233577","title":{"rendered":"&#8220;Udienza Generale&#8221; del Santo Padre in mp3 &#8211; 11 aprile 2012"},"content":{"rendered":"<p style=\"text-align: center;\"><a href=\"http:\/\/www.cercoiltuovolto.it\/wp-content\/uploads\/2011\/01\/udienza.jpg\"><img loading=\"lazy\" decoding=\"async\" class=\"aligncenter size-full wp-image-16441\" title=\"udienza\" src=\"http:\/\/www.cercoiltuovolto.it\/wp-content\/uploads\/2011\/01\/udienza.jpg\" alt=\"\" width=\"476\" height=\"132\" \/><\/a><\/p>\n<blockquote>\n<p><em><strong>La Pasqua del Signore<\/strong><\/em><\/p>\n<p><em>Cari fratelli e sorelle,<\/em><\/p>\n<p style=\"text-align: justify;\">dopo le solenni\u00a0<a href=\"http:\/\/www.vatican.va\/liturgical_year\/easter\/2012\/index_it.html\">celebrazioni della Pasqua<\/a>, il nostro incontro di oggi \u00e8 pervaso di gioia spirituale, anche se il cielo \u00e8 grigio, nel cuore portiamo la gioia della Pasqua, la certezza della Risurrezione di Cristo che ha definitivamente trionfato sulla morte. Anzitutto rinnovo a ciascuno di voi un cordiale augurio pasquale: in tutte le case e in tutti i cuori risuoni l\u2019annuncio gioioso della Risurrezione di Cristo, cos\u00ec da far rinascere la speranza.<\/p>\n<p style=\"text-align: justify;\">In questa catechesi vorrei mostrare la trasformazione che la Pasqua di Ges\u00f9 ha provocato nei suoi discepoli. Partiamo dalla sera del giorno della Risurrezione. I discepoli sono chiusi in casa per paura dei giudei (cfr\u00a0<em>Gv<\/em>\u00a020,19). Il timore stringe il cuore e impedisce di andare incontro agli altri, incontro alla vita. Il Maestro non c&#8217;\u00e8 pi\u00f9. Il ricordo della sua Passione alimenta l\u2019incertezza. Ma Ges\u00f9 ha a cuore i suoi e sta per compiere la promessa che aveva fatto durante l\u2019Ultima Cena: \u00abNon vi lascer\u00f2 orfani, verr\u00f2 da voi\u00bb (<em>Gv<\/em>\u00a014,18) e questo dice anche a noi, anche in tempi grigi: \u201cnon vi lascer\u00f2 orfani\u201d. Questa situazione di angoscia dei discepoli cambia radicalmente con l\u2019arrivo di Ges\u00f9. Egli entra a porte chiuse, sta in mezzo a loro e dona la pace che rassicura: \u00abPace a voi\u00bb (<em>Gv<\/em>\u00a020,19b). \u00c8 un saluto comune che tuttavia ora acquista un significato nuovo, perch\u00e9 opera un cambiamento interiore; \u00e8 il saluto pasquale, che fa superare ogni paura ai discepoli. La pace che Ges\u00f9 porta \u00e8 il dono della salvezza che Egli aveva promesso durante i suoi discorsi di addio: \u00abVi lascio la pace, vi do la mia pace. Non come la d\u00e0 il mondo, io la do a voi. Non sia turbato il vostro cuore e non abbia timore\u00bb (<em>Gv<\/em>\u00a014,27). In questo giorno di Risurrezione, Egli la dona in pienezza ed essa diventa per la comunit\u00e0 fonte di gioia, certezza di vittoria, sicurezza nell\u2019appoggiarsi a Dio. \u201cNon sia turbato il vostro cuore e non abbia timore\u201d(<em>Gv<\/em>\u00a014,1) dice anche a noi.<\/p>\n<p style=\"text-align: justify;\"><em>&#8230;<\/em><\/p>\n<ul>\n<li><a href=\"http:\/\/www.vatican.va\/holy_father\/benedict_xvi\/audiences\/2012\/documents\/hf_ben-xvi_aud_20120411_it.html\">Leggi tutto il messaggio<\/a> <em>\u00a9 Copyright 2011 &#8211; Libreria Editrice Vaticana<\/em><\/li>\n<li><a href=\"http:\/\/player.rv.va\/vaticanplayer.asp?language=it&amp;tic=VA_DW1UURUF\" target=\"_blank\">Link al video ufficiale<\/a><\/li>\n<\/ul>\n<\/blockquote>\n<div class=\"powerpressbox\">[powerpress]<\/div>\n<p class=\"link\" style=\"text-align: justify;\"><strong>Fonte<\/strong>: Radio Vaticana via FeedRss<\/p>\n<p><span style=\"font-size: xx-small;\"><em>(The content of this podcast is copyrighted by Vatican Radio which, according to its statute, is entrusted to manage and protect the sound recordings of the Roman Pontiff, ensuring that their pastoral character and intellectual property&#8217;s rights are protected when used by third parties. The content of this podcast is made available only for personal and private use and cannot be exploited for commercial purposes, without prior written authorization by Vatican Radio. For further information, please contact the International Relation Office at relint@vatiradio.va)<\/em><\/span><\/p>\n","protected":false},"excerpt":{"rendered":"<p>La Pasqua del Signore Cari fratelli e sorelle, dopo le solenni\u00a0celebrazioni della Pasqua, il nostro incontro di oggi \u00e8 pervaso di gioia spirituale, anche se il cielo \u00e8 grigio, nel cuore portiamo la gioia della Pasqua, la certezza della Risurrezione di Cristo che ha definitivamente trionfato sulla morte. Anzitutto rinnovo a ciascuno di voi un&#8230;<\/p>\n","protected":false},"author":3,"featured_media":0,"comment_status":"closed","ping_status":"closed","sticky":false,"template":"","format":"standard","meta":{"_kad_post_transparent":"","_kad_post_title":"","_kad_post_layout":"","_kad_post_sidebar_id":"","_kad_post_content_style":"","_kad_post_vertical_padding":"","_kad_post_feature":"","_kad_post_feature_position":"","_kad_post_header":false,"_kad_post_footer":false,"_kad_post_classname":"","footnotes":""},"categories":[102,127],"tags":[65,9],"class_list":["post-233577","post","type-post","status-publish","format-standard","hentry","category-102","category-benedetto-xvi","tag-udienza-generale","tag-vaticano"],"_links":{"self":[{"href":"https:\/\/archivio.cercoiltuovolto.it\/index.php?rest_route=\/wp\/v2\/posts\/233577","targetHints":{"allow":["GET"]}}],"collection":[{"href":"https:\/\/archivio.cercoiltuovolto.it\/index.php?rest_route=\/wp\/v2\/posts"}],"about":[{"href":"https:\/\/archivio.cercoiltuovolto.it\/index.php?rest_route=\/wp\/v2\/types\/post"}],"author":[{"embeddable":true,"href":"https:\/\/archivio.cercoiltuovolto.it\/index.php?rest_route=\/wp\/v2\/users\/3"}],"replies":[{"embeddable":true,"href":"https:\/\/archivio.cercoiltuovolto.it\/index.php?rest_route=%2Fwp%2Fv2%2Fcomments&post=233577"}],"version-history":[{"count":0,"href":"https:\/\/archivio.cercoiltuovolto.it\/index.php?rest_route=\/wp\/v2\/posts\/233577\/revisions"}],"wp:attachment":[{"href":"https:\/\/archivio.cercoiltuovolto.it\/index.php?rest_route=%2Fwp%2Fv2%2Fmedia&parent=233577"}],"wp:term":[{"taxonomy":"category","embeddable":true,"href":"https:\/\/archivio.cercoiltuovolto.it\/index.php?rest_route=%2Fwp%2Fv2%2Fcategories&post=233577"},{"taxonomy":"post_tag","embeddable":true,"href":"https:\/\/archivio.cercoiltuovolto.it\/index.php?rest_route=%2Fwp%2Fv2%2Ftags&post=233577"}],"curies":[{"name":"wp","href":"https:\/\/api.w.org\/{rel}","templated":true}]}}