{"id":233557,"date":"2012-04-06T10:01:42","date_gmt":"2012-04-06T10:01:42","guid":{"rendered":"https:\/\/archivio.cercoiltuovolto.it\/?p=233557"},"modified":"2012-04-06T10:01:42","modified_gmt":"2012-04-06T10:01:42","slug":"commento-al-vangelo-del-8-aprile-2012-don-domenico-luciani","status":"publish","type":"post","link":"https:\/\/archivio.cercoiltuovolto.it\/?p=233557","title":{"rendered":"Commento al Vangelo del 8 aprile 2012 &#8211; don Domenico Luciani"},"content":{"rendered":"<p style=\"text-align: center;\">\n<p>Commento al Vangelo della <strong>Domenica di Pasqua della Risurrezione<\/strong>\u00a0a cura di don Domenico Luciani della <a href=\"http:\/\/www.sabinasantacroce.org\/\">Parrocchia Santa Croce a Passo Corese<\/a> (RI).<\/p>\n<blockquote style=\"text-align: justify;\">\n<p><em><em>Gv 20, 1-9<\/em><br \/><em>Dal Vangelo secondo\u00a0Giovanni<\/em><\/p>\n<p>Dal vangelo secondo Giovanni.<br \/>Il primo giorno della settimana, Maria di M\u00e0gdala si rec\u00f2 al sepolcro di mattino, quando era ancora buio, e vide che la pietra era stata tolta dal sepolcro.<br \/>Corse allora e and\u00f2 da Simon Pietro e dall\u2019altro discepolo, quello che Ges\u00f9 amava, e disse loro: \u00abHanno portato via il Signore dal sepolcro e non sappiamo dove l\u2019hanno posto!\u00bb.<br \/>Pietro allora usc\u00ec insieme all\u2019altro discepolo e si recarono al sepolcro. Correvano insieme tutti e due, ma l\u2019altro discepolo corse pi\u00f9 veloce di Pietro e giunse per primo al sepolcro. Si chin\u00f2, vide i teli posati l\u00e0, ma non entr\u00f2.<br \/>Giunse intanto anche Simon Pietro, che lo seguiva, ed entr\u00f2 nel sepolcro e osserv\u00f2 i teli posati l\u00e0, e il sudario \u2013 che era stato sul suo capo \u2013 non posato l\u00e0 con i teli, ma avvolto in un luogo a parte.<br \/>Allora entr\u00f2 anche l\u2019altro discepolo, che era giunto per primo al sepolcro, e vide e credette. Infatti non avevano ancora compreso la Scrittura, che cio\u00e8 egli doveva risorgere dai morti.<\/p>\n<p>C: Parola del Signore.<br \/>A: Lode a Te o Cristo.<\/em><\/p>\n<\/blockquote>\n<p class=\"podcast\" style=\"text-align: left;\"><a href=\"http:\/\/www.sabinasantacroce.org\/audio\/clip116.mp3\">Scarica il file mp3<\/a><\/p>\n<p class=\"link\" style=\"text-align: left;\"><a href=\"http:\/\/youtu.be\/4dAnwUjD0ZE\">Link al video<\/a><\/p>\n<p class=\"link\">Sito web: <a href=\"http:\/\/www.sabinasantacroce.org\">Parrocchia Santa Croce<\/a><\/p>\n<p>&nbsp;<\/p>\n","protected":false},"excerpt":{"rendered":"<p>Commento al Vangelo della Domenica di Pasqua della Risurrezione\u00a0a cura di don Domenico Luciani della Parrocchia Santa Croce a Passo Corese (RI). Gv 20, 1-9Dal Vangelo secondo\u00a0Giovanni Dal vangelo secondo Giovanni.Il primo giorno della settimana, Maria di M\u00e0gdala si rec\u00f2 al sepolcro di mattino, quando era ancora buio, e vide che la pietra era stata&#8230;<\/p>\n","protected":false},"author":3,"featured_media":0,"comment_status":"closed","ping_status":"closed","sticky":false,"template":"","format":"standard","meta":{"_kad_post_transparent":"","_kad_post_title":"","_kad_post_layout":"","_kad_post_sidebar_id":"","_kad_post_content_style":"","_kad_post_vertical_padding":"","_kad_post_feature":"","_kad_post_feature_position":"","_kad_post_header":false,"_kad_post_footer":false,"_kad_post_classname":"","footnotes":""},"categories":[102,147],"tags":[192,172,83],"class_list":["post-233557","post","type-post","status-publish","format-standard","hentry","category-102","category-commento-al-vangelo","tag-pasqua","tag-vangelo-della-domenica","tag-youtube"],"_links":{"self":[{"href":"https:\/\/archivio.cercoiltuovolto.it\/index.php?rest_route=\/wp\/v2\/posts\/233557","targetHints":{"allow":["GET"]}}],"collection":[{"href":"https:\/\/archivio.cercoiltuovolto.it\/index.php?rest_route=\/wp\/v2\/posts"}],"about":[{"href":"https:\/\/archivio.cercoiltuovolto.it\/index.php?rest_route=\/wp\/v2\/types\/post"}],"author":[{"embeddable":true,"href":"https:\/\/archivio.cercoiltuovolto.it\/index.php?rest_route=\/wp\/v2\/users\/3"}],"replies":[{"embeddable":true,"href":"https:\/\/archivio.cercoiltuovolto.it\/index.php?rest_route=%2Fwp%2Fv2%2Fcomments&post=233557"}],"version-history":[{"count":0,"href":"https:\/\/archivio.cercoiltuovolto.it\/index.php?rest_route=\/wp\/v2\/posts\/233557\/revisions"}],"wp:attachment":[{"href":"https:\/\/archivio.cercoiltuovolto.it\/index.php?rest_route=%2Fwp%2Fv2%2Fmedia&parent=233557"}],"wp:term":[{"taxonomy":"category","embeddable":true,"href":"https:\/\/archivio.cercoiltuovolto.it\/index.php?rest_route=%2Fwp%2Fv2%2Fcategories&post=233557"},{"taxonomy":"post_tag","embeddable":true,"href":"https:\/\/archivio.cercoiltuovolto.it\/index.php?rest_route=%2Fwp%2Fv2%2Ftags&post=233557"}],"curies":[{"name":"wp","href":"https:\/\/api.w.org\/{rel}","templated":true}]}}