{"id":233502,"date":"2012-03-23T06:23:21","date_gmt":"2012-03-23T06:23:21","guid":{"rendered":"https:\/\/archivio.cercoiltuovolto.it\/?p=233502"},"modified":"2026-07-04T06:47:47","modified_gmt":"2026-07-04T06:47:47","slug":"ifeelcud-2012","status":"publish","type":"post","link":"https:\/\/archivio.cercoiltuovolto.it\/?p=233502","title":{"rendered":"iFeelCud 2012"},"content":{"rendered":"\n<p class=\"wp-block-paragraph\">Vuoi migliorare la tua parrocchia? IfeelCUD \u00e8 il concorso che permette di trasformare un progetto sociale in una concreta realt\u00e0.&nbsp;<br>In palio premi in contributi economici fino a 29.500 euro per realizzare nelle parrocchie un progetto di utilit\u00e0 sociale ideato dai giovani. Tutte le info su&nbsp;<a href=\"http:\/\/www.ifeelcud.it\/\" target=\"_blank\">www.ifeelcud.it<\/a>.<\/p>\n","protected":false},"excerpt":{"rendered":"<p>Vuoi migliorare la tua parrocchia? IfeelCUD \u00e8 il concorso che permette di trasformare un progetto sociale in una concreta realt\u00e0.&nbsp;In palio premi in contributi economici fino a 29.500 euro per realizzare nelle parrocchie un progetto di utilit\u00e0 sociale ideato dai giovani. Tutte le info su&nbsp;www.ifeelcud.it.<\/p>\n","protected":false},"author":3,"featured_media":0,"comment_status":"closed","ping_status":"closed","sticky":false,"template":"","format":"standard","meta":{"_kad_post_transparent":"","_kad_post_title":"","_kad_post_layout":"","_kad_post_sidebar_id":"","_kad_post_content_style":"","_kad_post_vertical_padding":"","_kad_post_feature":"","_kad_post_feature_position":"","_kad_post_header":false,"_kad_post_footer":false,"_kad_post_classname":"","footnotes":""},"categories":[102,616],"tags":[608,380,154],"class_list":["post-233502","post","type-post","status-publish","format-standard","hentry","category-102","category-cud","tag-featured","tag-in-evidenza","tag-iniziative"],"_links":{"self":[{"href":"https:\/\/archivio.cercoiltuovolto.it\/index.php?rest_route=\/wp\/v2\/posts\/233502","targetHints":{"allow":["GET"]}}],"collection":[{"href":"https:\/\/archivio.cercoiltuovolto.it\/index.php?rest_route=\/wp\/v2\/posts"}],"about":[{"href":"https:\/\/archivio.cercoiltuovolto.it\/index.php?rest_route=\/wp\/v2\/types\/post"}],"author":[{"embeddable":true,"href":"https:\/\/archivio.cercoiltuovolto.it\/index.php?rest_route=\/wp\/v2\/users\/3"}],"replies":[{"embeddable":true,"href":"https:\/\/archivio.cercoiltuovolto.it\/index.php?rest_route=%2Fwp%2Fv2%2Fcomments&post=233502"}],"version-history":[{"count":1,"href":"https:\/\/archivio.cercoiltuovolto.it\/index.php?rest_route=\/wp\/v2\/posts\/233502\/revisions"}],"predecessor-version":[{"id":233527,"href":"https:\/\/archivio.cercoiltuovolto.it\/index.php?rest_route=\/wp\/v2\/posts\/233502\/revisions\/233527"}],"wp:attachment":[{"href":"https:\/\/archivio.cercoiltuovolto.it\/index.php?rest_route=%2Fwp%2Fv2%2Fmedia&parent=233502"}],"wp:term":[{"taxonomy":"category","embeddable":true,"href":"https:\/\/archivio.cercoiltuovolto.it\/index.php?rest_route=%2Fwp%2Fv2%2Fcategories&post=233502"},{"taxonomy":"post_tag","embeddable":true,"href":"https:\/\/archivio.cercoiltuovolto.it\/index.php?rest_route=%2Fwp%2Fv2%2Ftags&post=233502"}],"curies":[{"name":"wp","href":"https:\/\/api.w.org\/{rel}","templated":true}]}}