{"id":233489,"date":"2012-03-20T06:00:33","date_gmt":"2012-03-20T06:00:33","guid":{"rendered":"https:\/\/archivio.cercoiltuovolto.it\/?p=233489"},"modified":"2012-03-20T06:00:33","modified_gmt":"2012-03-20T06:00:33","slug":"commento-al-vangelo-del-25-marzo-2012-don-lello-ponticelli","status":"publish","type":"post","link":"https:\/\/archivio.cercoiltuovolto.it\/?p=233489","title":{"rendered":"Commento al Vangelo del 25 marzo 2012 &#8211; don Lello Ponticelli"},"content":{"rendered":"<h4 style=\"text-align: center;\"><em>Prediche senza Pulpito a cura di Don Lello Ponticelli dal <a href=\"http:\/\/www.orasorriso.it\">Santuario &#8220;Madonna delle Grazie&#8221; in Procida<\/a>. <br \/><\/em><\/h4>\n<blockquote>\n<p style=\"text-align: justify;\"><em><em>Gv 12, 20-23<\/em><br \/><em>Dal Vangelo secondo\u00a0Giovanni<\/em><\/p>\n<p>In quel tempo, tra quelli che erano saliti per il culto durante la festa c\u2019erano anche alcuni Greci. Questi si avvicinarono a Filippo, che era di Bets\u00e0ida di Galilea, e gli domandarono: \u00abSignore, vogliamo vedere Ges\u00f9\u00bb.<br \/>Filippo and\u00f2 a dirlo ad Andrea, e poi Andrea e Filippo andarono a dirlo a Ges\u00f9. Ges\u00f9 rispose loro: \u00ab\u00c8 venuta l\u2019ora che il Figlio dell\u2019uomo sia glorificato. In verit\u00e0, in verit\u00e0 io vi dico: se il chicco di grano, caduto in terra, non muore, rimane solo; se invece muore, produce molto frutto. Chi ama la propria vita, la perde e chi odia la propria vita in questo mondo, la conserver\u00e0 per la vita eterna. Se uno mi vuole servire, mi segua, e dove sono io, l\u00e0 sar\u00e0 anche il mio servitore. Se uno serve me, il Padre lo onorer\u00e0. Adesso l\u2019anima mia \u00e8 turbata; che cosa dir\u00f2? Padre, salvami da quest\u2019ora? Ma proprio per questo sono giunto a quest\u2019ora! Padre, glorifica il tuo nome\u00bb.<br \/>Venne allora una voce dal cielo: \u00abL\u2019ho glorificato e lo glorificher\u00f2 ancora!\u00bb.<br \/>La folla, che era presente e aveva udito, diceva che era stato un tuono. Altri dicevano: \u00abUn angelo gli ha parlato\u00bb. Disse Ges\u00f9: \u00abQuesta voce non \u00e8 venuta per me, ma per voi. Ora \u00e8 il giudizio di questo mondo; ora il principe di questo mondo sar\u00e0 gettato fuori. E io, quando sar\u00f2 innalzato da terra, attirer\u00f2 tutti a me\u00bb. Diceva questo per indicare di quale morte doveva morire.<\/p>\n<p>C: Parola del Signore.<br \/>A: Lode a Te o Cristo.<\/em><\/p>\n<\/blockquote>\n<p class=\"link\"><a href=\"http:\/\/www.youtube.com\/watch?v=Oy5lhvEKsxo\">Link al video<\/a><\/p>\n","protected":false},"excerpt":{"rendered":"<p>Prediche senza Pulpito. Commento al Vangelo della domenica a cura di Don Lello Ponticelli dal Santuario &#8220;Madonna delle Grazie&#8221; in Procida.<\/p>\n","protected":false},"author":3,"featured_media":0,"comment_status":"closed","ping_status":"closed","sticky":false,"template":"","format":"standard","meta":{"_kad_post_transparent":"","_kad_post_title":"","_kad_post_layout":"","_kad_post_sidebar_id":"","_kad_post_content_style":"","_kad_post_vertical_padding":"","_kad_post_feature":"","_kad_post_feature_position":"","_kad_post_header":false,"_kad_post_footer":false,"_kad_post_classname":"","footnotes":""},"categories":[102,147],"tags":[174,172],"class_list":["post-233489","post","type-post","status-publish","format-standard","hentry","category-102","category-commento-al-vangelo","tag-quaresima","tag-vangelo-della-domenica"],"_links":{"self":[{"href":"https:\/\/archivio.cercoiltuovolto.it\/index.php?rest_route=\/wp\/v2\/posts\/233489","targetHints":{"allow":["GET"]}}],"collection":[{"href":"https:\/\/archivio.cercoiltuovolto.it\/index.php?rest_route=\/wp\/v2\/posts"}],"about":[{"href":"https:\/\/archivio.cercoiltuovolto.it\/index.php?rest_route=\/wp\/v2\/types\/post"}],"author":[{"embeddable":true,"href":"https:\/\/archivio.cercoiltuovolto.it\/index.php?rest_route=\/wp\/v2\/users\/3"}],"replies":[{"embeddable":true,"href":"https:\/\/archivio.cercoiltuovolto.it\/index.php?rest_route=%2Fwp%2Fv2%2Fcomments&post=233489"}],"version-history":[{"count":0,"href":"https:\/\/archivio.cercoiltuovolto.it\/index.php?rest_route=\/wp\/v2\/posts\/233489\/revisions"}],"wp:attachment":[{"href":"https:\/\/archivio.cercoiltuovolto.it\/index.php?rest_route=%2Fwp%2Fv2%2Fmedia&parent=233489"}],"wp:term":[{"taxonomy":"category","embeddable":true,"href":"https:\/\/archivio.cercoiltuovolto.it\/index.php?rest_route=%2Fwp%2Fv2%2Fcategories&post=233489"},{"taxonomy":"post_tag","embeddable":true,"href":"https:\/\/archivio.cercoiltuovolto.it\/index.php?rest_route=%2Fwp%2Fv2%2Ftags&post=233489"}],"curies":[{"name":"wp","href":"https:\/\/api.w.org\/{rel}","templated":true}]}}