{"id":233465,"date":"2012-03-12T10:00:42","date_gmt":"2012-03-12T10:00:42","guid":{"rendered":"https:\/\/archivio.cercoiltuovolto.it\/?p=233465"},"modified":"2012-03-12T10:00:42","modified_gmt":"2012-03-12T10:00:42","slug":"commento-al-vangelo-del-18-marzo-2012-paolo-curtaz","status":"publish","type":"post","link":"https:\/\/archivio.cercoiltuovolto.it\/?p=233465","title":{"rendered":"Commento al Vangelo del 18 marzo 2012 \u2013 Paolo Curtaz"},"content":{"rendered":"<h1 style=\"text-align: center;\"><\/h1>\n<h2>Quarta domenica di Quaresima<strong> <\/strong><\/h2>\n<p>2 Cr 36, 14-16.19-23\/ Ef 2,4-10\/ Gv 3,14-21<\/p>\n<p><strong>Primavere<\/strong><\/p>\n<p>Quanto \u00e8 difficile convertirsi! E credere nel Dio di Ges\u00f9!<\/p>\n<p>Quanto \u00e8 difficile scegliere da che parte stare, nella vita, sempre strattonati tra le troppe cose da fare, inquieti e rassegnati, travolti dalle mille preoccupazioni.<\/p>\n<p>Ci \u00e8 necessario il deserto, anche se minuscolo, anche se duramente conquistato ritagliando qualche minuto alle nostre giornate. Eppure abbiamo bisogno di tornare all\u2019essenziale, proprio ora che le difficolt\u00e0 crescono e la tentazione della sfiducia, anche nella Chiesa, diventa incombente.<\/p>\n<p>Tenendo fisso lo sguardo sulla bellezza di Dio, intuita, assaporata, cercata, possiamo ribaltare i banchetti delle nostre approssimative e inconcludenti visioni di Dio per liberare il tempio del nostro cuore (e il tempio che \u00e8 la Chiesa) da una visione mercanteggiata della fede.<\/p>\n<p>\u00c8 un percorso lungo, faticoso.<\/p>\n<p>Ne sa qualcosa il libro delle Cronache, ne sa qualcosa Nicodemo.<\/p>\n<p class=\"link\" style=\"text-align: left;\"><a href=\"http:\/\/youtu.be\/oQeL2HR9D-M\">Link al video<\/a><\/p>\n<p class=\"podcast\" style=\"text-align: left;\">[download id=&#8221;189&#8243;]<\/p>\n<p class=\"podcast\" style=\"text-align: left;\">[download id=&#8221;190&#8243;]<\/p>\n<div style=\"float: left; padding-right: 5px;\"><strong>Dio giudice<\/strong><\/div>\n<p>Ci \u00e8 connaturale un\u2019orribile visione di Dio. La portiamo nel cuore, nell\u2019inconscio, nel vano tentativo di dare una parvenza di giustizia all\u2019illogica dinamica di questo mondo.<\/p>\n<p>Il cammino dell\u2019uomo biblico \u00e8 irto di difficolt\u00e0, di continue conversioni, di ragionamenti che avanzano nelle nebbie. Se Dio \u00e8 buono, si chiede la Bibbia, da dove deriva il dolore?<\/p>\n<p>In particolare, nel brano di oggi, l\u2019autore ancora cerca una risposta alla brutale distruzione del tempio e alla successiva prigionia in Babilonia. Ed ecco la drammatica risposta: l\u2019esilio \u00e8 stata una punizione per non avere rispettato il ciclo sabbatico della natura: un anno ogni sette, per lasciare la terra al suo riposo. Dio, giudice giusto, ha ascoltato la lamentela del Creato: i settant\u2019anni di esilio forzato del popolo ha ridato fiato alla natura.<\/p>\n<p>\u00c8 una visione semplicistica, eppure efficace: Dio punisce il peccato del popolo.<\/p>\n<p>Ma gi\u00e0 nell\u2019Antico Testamento si \u00e8 approfondito il tema capendo che non \u00e8 Dio a punire, ma il peccato stesso.<\/p>\n<p>Il peccato \u00e8 male perch\u00e9 ci fa del male, il peccato distrugge, non Dio!<\/p>\n<p>Eppure quanto connaturale ci \u00e8 una visione cos\u00ec stringente.<\/p>\n<p>Come ho avuto pi\u00f9 volte occasione di scrivere, se Dio \u00e8 una carogna, tutto torna.<\/p>\n<p>Se, invece, \u00e8 come lo racconta Ges\u00f9, le cose si complicano\u2026<\/p>\n<p><strong>Nicodemo<\/strong><\/p>\n<p>Ges\u00f9 parla ad un combattuto Nicodemo che lo raggiunge durante la notte, per non farsi vedere. Ha una reputazione da difendere, che diamine!, ma \u00e8 curioso. Lui \u00e8 un credente, un membro del Sinedrio, sa bene di Dio e delle sue leggi. Ma non \u00e8 convinto, cerca un volto di Dio diverso.<\/p>\n<p>Ges\u00f9 gli rivela qualcosa di inatteso e inaudito, ci\u00f2 che nessuno mai aveva osato immaginare.<\/p>\n<p>Ges\u00f9 gli racconta il pensiero di Dio.<\/p>\n<p><strong>Ci\u00f2 che Dio vuole<\/strong><\/p>\n<p>Dio non vuole una classe disciplinata di bravi ragazzi che obbediscono sorridendo. Dio vuole persone autentiche che sappiano mettersi in gioco, che accettino di crescere (non sempre questo significa migliorare!), che imparino a distinguere le proprie ombre, da adulti.<\/p>\n<p>Ges\u00f9 \u00e8 chiarissimo: <em>Dio non ha mandato il Figlio nel mondo per condannare il mondo, ma perch\u00e9 il mondo sia salvato per mezzo di lui<\/em>. Dio vuole la salvezza, cio\u00e8 la pienezza di vita per ogni uomo. E, per farlo, per manifestare la seriet\u00e0 del proprio amore, Ges\u00f9 gi\u00e0 parla del dono di s\u00e9 totale, del mistero della croce. La croce che,\u00a0 come dice san Massimo il confessore, \u00e8 il <em>giudizio del giudizio<\/em>.<\/p>\n<p>Davanti alla possibilit\u00e0 di essere dei capolavori o delle fotocopie sbiadite, l\u2019uomo \u00e8 libero di scegliere. E sono le nostre scelte a giudicarci, possiamo vivere in un prolungato inverno, ostinandoci a dire che non esiste nessuna bella stagione e che, al massimo, noi sappiamo vestirci meglio degli altri.<\/p>\n<p>Quando tutto \u00e8 grigio \u00e8 difficile vedere l\u2019ombra dietro di s\u00e9.<\/p>\n<p>Ma vivere una vita grigia \u00e8 una non scelta di vita.<\/p>\n<p>Dio vuole la nostra salvezza, ad ogni costo.<\/p>\n<p>Nessun giudice, nessun preside, nessun vigile.<\/p>\n<p>Solo un padre tenerissimo.<\/p>\n<p><strong>Ma<\/strong><\/p>\n<p>Il ragionamento implode. Meglio un Dio che opera la giustizia, altro che. Se Dio \u00e8 buono perch\u00e9 il dolore innocente? Certo, la sofferenza, spesso, \u00e8 frutto delle nostre scelte sbagliate o delle nostre fragilit\u00e0. Ma come pu\u00f2 Dio sopportare il dolore del bambino che muore di cancro?<\/p>\n<p>Non pu\u00f2.<\/p>\n<p>Ges\u00f9, ad un attonito Nicodemo, indica un simbolo, quel serpente di bronzo innalzato da Mos\u00e8 per guarire gli ebrei morsi dai serpenti. Anche lui, Ges\u00f9, sar\u00e0 innalzato e salver\u00e0 che volger\u00e0 il proprio sguardo verso di lui.<\/p>\n<p>Ges\u00f9 gi\u00e0 intravvede all\u2019orizzonte la sconfitta del suo ministero, e vuole andare fino in fondo.<\/p>\n<p>Dio \u00e8 disposto a morire per salvare gli uomini, per salvare me.<\/p>\n<p>Dio porta su di s\u00e9 il dolore dell\u2019innocente, lo assume, lo redime, lo salva.<\/p>\n<p>Volgiamo lo sguardo alla croce, in questo deserto, alla misura senza misura dell\u2019amore di Dio.<\/p>\n<p>Ecco, questo \u00e8 il Dio in cui crediamo.<\/p>\n<p class=\"link\" style=\"text-align: justify;\"><a href=\"http:\/\/www.paolocurtaz.it\">www.paolocurtaz.it<\/a><\/p>\n","protected":false},"excerpt":{"rendered":"<p>Il commento al Vangelo della domenica a cura del teologo e scrittore Paolo Curtaz.<\/p>\n","protected":false},"author":3,"featured_media":0,"comment_status":"closed","ping_status":"closed","sticky":false,"template":"","format":"standard","meta":{"_kad_post_transparent":"","_kad_post_title":"","_kad_post_layout":"","_kad_post_sidebar_id":"","_kad_post_content_style":"","_kad_post_vertical_padding":"","_kad_post_feature":"","_kad_post_feature_position":"","_kad_post_header":false,"_kad_post_footer":false,"_kad_post_classname":"","footnotes":""},"categories":[102,147],"tags":[223,174,172],"class_list":["post-233465","post","type-post","status-publish","format-standard","hentry","category-102","category-commento-al-vangelo","tag-paolo-curtaz","tag-quaresima","tag-vangelo-della-domenica"],"_links":{"self":[{"href":"https:\/\/archivio.cercoiltuovolto.it\/index.php?rest_route=\/wp\/v2\/posts\/233465","targetHints":{"allow":["GET"]}}],"collection":[{"href":"https:\/\/archivio.cercoiltuovolto.it\/index.php?rest_route=\/wp\/v2\/posts"}],"about":[{"href":"https:\/\/archivio.cercoiltuovolto.it\/index.php?rest_route=\/wp\/v2\/types\/post"}],"author":[{"embeddable":true,"href":"https:\/\/archivio.cercoiltuovolto.it\/index.php?rest_route=\/wp\/v2\/users\/3"}],"replies":[{"embeddable":true,"href":"https:\/\/archivio.cercoiltuovolto.it\/index.php?rest_route=%2Fwp%2Fv2%2Fcomments&post=233465"}],"version-history":[{"count":0,"href":"https:\/\/archivio.cercoiltuovolto.it\/index.php?rest_route=\/wp\/v2\/posts\/233465\/revisions"}],"wp:attachment":[{"href":"https:\/\/archivio.cercoiltuovolto.it\/index.php?rest_route=%2Fwp%2Fv2%2Fmedia&parent=233465"}],"wp:term":[{"taxonomy":"category","embeddable":true,"href":"https:\/\/archivio.cercoiltuovolto.it\/index.php?rest_route=%2Fwp%2Fv2%2Fcategories&post=233465"},{"taxonomy":"post_tag","embeddable":true,"href":"https:\/\/archivio.cercoiltuovolto.it\/index.php?rest_route=%2Fwp%2Fv2%2Ftags&post=233465"}],"curies":[{"name":"wp","href":"https:\/\/api.w.org\/{rel}","templated":true}]}}