{"id":233440,"date":"2012-03-04T18:38:59","date_gmt":"2012-03-04T18:38:59","guid":{"rendered":"https:\/\/archivio.cercoiltuovolto.it\/?p=233440"},"modified":"2012-03-04T18:38:59","modified_gmt":"2012-03-04T18:38:59","slug":"benedetto-xvi-angelus-del-4-marzo-2012-mp3","status":"publish","type":"post","link":"https:\/\/archivio.cercoiltuovolto.it\/?p=233440","title":{"rendered":"Benedetto XVI &#8211; Angelus del 4 marzo 2012 in mp3"},"content":{"rendered":"<blockquote>\n<p style=\"text-align: center;\">\n<p><em>Cari fratelli e sorelle!<\/em><\/p>\n<p style=\"text-align: justify;\">Questa domenica, la seconda di Quaresima, si caratterizza come domenica della Trasfigurazione di Cristo. Infatti, nell\u2019itinerario quaresimale, la liturgia, dopo averci invitato a seguire Ges\u00f9 nel deserto, per affrontare e vincere con Lui le tentazioni, ci propone di salire insieme a Lui sul \u201cmonte\u201d della preghiera, per contemplare sul suo volto umano la luce gloriosa di Dio. L\u2019episodio della trasfigurazione di Cristo \u00e8 attestato in maniera concorde dagli Evangelisti Matteo, Marco e Luca. Gli elementi essenziali sono due: anzitutto, Ges\u00f9 sale con i discepoli Pietro, Giacomo e Giovanni su un alto monte e l\u00e0\u00a0<strong>\u00ab<\/strong>fu trasfigurato davanti a loro<strong>\u00bb<\/strong>\u00a0(<em>Mc<\/em>\u00a09,2), il suo volto e le sue vesti irradiarono una luce sfolgorante, mentre accanto a Lui apparvero Mos\u00e8 ed Elia; in secondo luogo, una nube avvolse la cima del monte e da essa usc\u00ec una voce che diceva: \u00abQuesti \u00e8 il Figlio mio, l\u2019amato; ascoltatelo!\u00bb (<em>Mc<\/em>\u00a09,7). Dunque, la luce e la voce: la luce divina che risplende sul volto di Ges\u00f9, e la voce del Padre celeste che testimonia per Lui e comanda di ascoltarlo.<\/p>\n<ul>\n<li><a href=\"http:\/\/www.vatican.va\/holy_father\/benedict_xvi\/angelus\/2012\/documents\/hf_ben-xvi_ang_20120304_it.html\">Leggi tutto il messaggio<\/a> <em>\u00a9 Copyright 2011 &#8211; Libreria Editrice Vaticana<\/em><\/li>\n<li><em><a href=\"http:\/\/player.rv.va\/vaticanplayer.asp?language=it&amp;tic=VA_5EP5SYPM\">Link al Video<\/a><\/em><\/li>\n<\/ul>\n<\/blockquote>\n<div class=\"powerpressbox\">[powerpress]<\/div>\n<p style=\"text-align: justify;\"><strong>Fonte<\/strong>: Radio Vaticana via FeedRss<\/p>\n<blockquote>\n<p style=\"text-align: justify;\"><span style=\"font-size: xx-small;\"><em>(The content of this podcast is copyrighted by Vatican Radio which, according to its statute, is entrusted to manage and protect the sound recordings of the Roman Pontiff, ensuring that their pastoral character and intellectual property&#8217;s rights are protected when used by third parties. The content of this podcast is made available only for personal and private use and cannot be exploited for commercial purposes, without prior written authorization by Vatican Radio. For further information, please contact the International Relation Office at relint@vatiradio.va)<\/em><\/span><\/p>\n<\/blockquote>\n","protected":false},"excerpt":{"rendered":"<p>Cari fratelli e sorelle! Questa domenica, la seconda di Quaresima, si caratterizza come domenica della Trasfigurazione di Cristo. Infatti, nell\u2019itinerario quaresimale, la liturgia, dopo averci invitato a seguire Ges\u00f9 nel deserto, per affrontare e vincere con Lui le tentazioni, ci propone di salire insieme a Lui sul \u201cmonte\u201d della preghiera, per contemplare sul suo volto&#8230;<\/p>\n","protected":false},"author":3,"featured_media":0,"comment_status":"closed","ping_status":"closed","sticky":false,"template":"","format":"standard","meta":{"_kad_post_transparent":"","_kad_post_title":"","_kad_post_layout":"","_kad_post_sidebar_id":"","_kad_post_content_style":"","_kad_post_vertical_padding":"","_kad_post_feature":"","_kad_post_feature_position":"","_kad_post_header":false,"_kad_post_footer":false,"_kad_post_classname":"","footnotes":""},"categories":[102,114],"tags":[73,174,9],"class_list":["post-233440","post","type-post","status-publish","format-standard","hentry","category-102","category-angelus","tag-benedetto-xvi","tag-quaresima","tag-vaticano"],"_links":{"self":[{"href":"https:\/\/archivio.cercoiltuovolto.it\/index.php?rest_route=\/wp\/v2\/posts\/233440","targetHints":{"allow":["GET"]}}],"collection":[{"href":"https:\/\/archivio.cercoiltuovolto.it\/index.php?rest_route=\/wp\/v2\/posts"}],"about":[{"href":"https:\/\/archivio.cercoiltuovolto.it\/index.php?rest_route=\/wp\/v2\/types\/post"}],"author":[{"embeddable":true,"href":"https:\/\/archivio.cercoiltuovolto.it\/index.php?rest_route=\/wp\/v2\/users\/3"}],"replies":[{"embeddable":true,"href":"https:\/\/archivio.cercoiltuovolto.it\/index.php?rest_route=%2Fwp%2Fv2%2Fcomments&post=233440"}],"version-history":[{"count":0,"href":"https:\/\/archivio.cercoiltuovolto.it\/index.php?rest_route=\/wp\/v2\/posts\/233440\/revisions"}],"wp:attachment":[{"href":"https:\/\/archivio.cercoiltuovolto.it\/index.php?rest_route=%2Fwp%2Fv2%2Fmedia&parent=233440"}],"wp:term":[{"taxonomy":"category","embeddable":true,"href":"https:\/\/archivio.cercoiltuovolto.it\/index.php?rest_route=%2Fwp%2Fv2%2Fcategories&post=233440"},{"taxonomy":"post_tag","embeddable":true,"href":"https:\/\/archivio.cercoiltuovolto.it\/index.php?rest_route=%2Fwp%2Fv2%2Ftags&post=233440"}],"curies":[{"name":"wp","href":"https:\/\/api.w.org\/{rel}","templated":true}]}}