{"id":233420,"date":"2012-02-25T16:27:42","date_gmt":"2012-02-25T16:27:42","guid":{"rendered":"https:\/\/archivio.cercoiltuovolto.it\/?p=233420"},"modified":"2012-02-25T16:27:42","modified_gmt":"2012-02-25T16:27:42","slug":"commento-al-vangelo-del-26-febbraio-2012-don-mauro-pozzi","status":"publish","type":"post","link":"https:\/\/archivio.cercoiltuovolto.it\/?p=233420","title":{"rendered":"Commento al Vangelo del 26 febbraio 2012 &#8211; don Mauro Pozzi"},"content":{"rendered":"<p style=\"text-align: justify;\">Il commento al Vangelo della domenica a cura di don Mauro Pozzi parroco della Parrocchia S. Giovanni Battista, Novara.<\/p>\n<blockquote>\n<p>RICOMINCIARE<\/p>\n<p style=\"text-align: justify;\">Le letture di oggi ci parlano di nuovi inizi. Ai tempi del diluvio Dio si pent\u00ec di aver fatto l\u2019uomo, ma non lo distrusse perch\u00e9 vide qualcosa di buono in No\u00e8, qualcosa per cui valeva la pena continuare. Quando la terra fu di nuovo asciutta, era come purificata e pronta per essere abitata dall\u2019uomo. L\u2019alleanza che il Creatore stringe con No\u00e8 segna un promettente inizio e l\u2019arcobaleno \u00e8 la garanzia che non ci sarebbe pi\u00f9 stato un castigo cos\u00ec terribile. Se l\u2019uomo sar\u00e0 cancellato dalla terra non sar\u00e0 per opera di Dio. San Paolo mette in relazione il diluvio con il battesimo. Cos\u00ec come la terra fu purificata dalle acque, il battesimo lava il peccato originale e apre la porta a una nuova vita. Chi \u00e8 stato battezzato da bambino, non percepisce immediatamente questa novit\u00e0, mentre \u00e8 molto evidente per chi arriva con maturit\u00e0 a fare la scelta di essere cristiano. \u00c8 bene che ciascuno di noi rifletta su questo, non siamo cristiani automaticamente e nemmeno perch\u00e9 i nostri genitori hanno scelto per noi, possiamo esserlo solo se lo vogliamo. Ges\u00f9, all\u2019inizio della sua vita pubblica, \u00e8 sospinto nel deserto. Silenzio e solitudine sono amici dell\u2019interiorit\u00e0. Non si pu\u00f2 ascoltare lo Spirito che parla nel cuore se la sua voce \u00e8 sovrastata da mille rumori e distrazioni. Il Maestro ritrova se stesso, il suo contatto col Padre e affronta il male. Se non fosse stato tentato potremmo dubitare della sua reale umanit\u00e0, perch\u00e9 la tentazione \u00e8 l\u2019altra faccia della medaglia della libert\u00e0 che caratterizza la nostra esistenza. Se noi fossimo delle marionette, del tutto soggetti ad una volont\u00e0 superiore, non conosceremmo nessuna tentazione, perch\u00e9 non potremmo scegliere. Invece quando ci si accinge a iniziare un nuovo percorso si pu\u00f2 essere certi di essere messi alla prova. Ogni scelta infatti \u00e8 come trovarsi ad un bivio, se si imbocca una strada si escluder\u00e0 l\u2019altra. \u00c8 naturale che ci si domandi se la via presa sia quella buona. Se per\u00f2 il dubbio ci accompagna sempre, il cammino si fa davvero difficile. \u00c8 importante allora fermarsi e riflettere, guardarsi dentro per ritrovare l\u2019energia e l\u2019entusiasmo degli inizi. Ecco il senso della quaresima. Come Ges\u00f9 dobbiamo fermarci e rinnovare il rapporto col Padre, chiederci se il nostro essere cristiani \u00e8 una scelta o un\u2019abitudine. Come quando si parte per un viaggio bisogna fare le valige. Non possiamo portarci dietro tutto, e allora si sceglie. Il mondo \u00e8 pieno di opportunit\u00e0 e di persone, ma non tutto \u00e8 compatibile con quello che voglio essere. La quaresima \u00e8 il tempo per rinnovare la nostra scelta.<\/p>\n<\/blockquote>\n<p><a href=\"http:\/\/www.youtube.com\/watch?v=OZSDxuBn7-o\">Link al video<\/a><\/p>\n<p style=\"text-align: justify;\">Gen 9, 8-15 Dio disse a No\u00e8 e ai suoi figli con lui: \u00abQuanto a me, ecco io stabilisco la mia alleanza con voi e con i vostri discendenti dopo di voi, con ogni essere vivente che \u00e8 con voi, uccelli, bestiame e animali selvatici, con tutti gli animali che sono usciti dall\u2019arca, con tutti gli animali della terra. Io stabilisco la mia alleanza con voi: non sar\u00e0 pi\u00f9 distrutta alcuna carne dalle acque del diluvio, n\u00e9 il diluvio devaster\u00e0 pi\u00f9 la terra\u00bb. Dio disse: \u00abQuesto \u00e8 il segno dell\u2019alleanza, che io pongo tra me e voi e ogni essere vivente che \u00e8 con voi, per tutte le generazioni future. Pongo il mio arco sulle nubi, perch\u00e9 sia il segno dell\u2019alleanza tra me e la terra. Quando ammasser\u00f2 le nubi sulla terra e apparir\u00e0 l\u2019arco sulle nubi, ricorder\u00f2 la mia alleanza che \u00e8 tra me e voi e ogni essere che vive in ogni carne, e non ci saranno pi\u00f9 le acque per il diluvio, per distruggere ogni carne\u00bb.<\/p>\n<p style=\"text-align: justify;\">Mc 1, 12-15 In quel tempo, lo Spirito sospinse Ges\u00f9 nel deserto e nel deserto rimase quaranta giorni, tentato da Satana. Stava con le bestie selvatiche e gli angeli lo servivano. Dopo che Giovanni fu arrestato, Ges\u00f9 and\u00f2 nella Galilea, proclamando il vangelo di Dio, e diceva: \u00abIl tempo \u00e8 compiuto e il regno di Dio \u00e8 vicino; convertitevi e credete nel Vangelo\u00bb.<\/p>\n","protected":false},"excerpt":{"rendered":"<p>Il commento al Vangelo della domenica a cura di don Mauro Pozzi parroco della Parrocchia S. Giovanni Battista, Novara.<\/p>\n","protected":false},"author":3,"featured_media":0,"comment_status":"closed","ping_status":"closed","sticky":false,"template":"","format":"standard","meta":{"_kad_post_transparent":"","_kad_post_title":"","_kad_post_layout":"","_kad_post_sidebar_id":"","_kad_post_content_style":"","_kad_post_vertical_padding":"","_kad_post_feature":"","_kad_post_feature_position":"","_kad_post_header":false,"_kad_post_footer":false,"_kad_post_classname":"","footnotes":""},"categories":[102,147],"tags":[388,174,172],"class_list":["post-233420","post","type-post","status-publish","format-standard","hentry","category-102","category-commento-al-vangelo","tag-don-mauro-pozzi","tag-quaresima","tag-vangelo-della-domenica"],"_links":{"self":[{"href":"https:\/\/archivio.cercoiltuovolto.it\/index.php?rest_route=\/wp\/v2\/posts\/233420","targetHints":{"allow":["GET"]}}],"collection":[{"href":"https:\/\/archivio.cercoiltuovolto.it\/index.php?rest_route=\/wp\/v2\/posts"}],"about":[{"href":"https:\/\/archivio.cercoiltuovolto.it\/index.php?rest_route=\/wp\/v2\/types\/post"}],"author":[{"embeddable":true,"href":"https:\/\/archivio.cercoiltuovolto.it\/index.php?rest_route=\/wp\/v2\/users\/3"}],"replies":[{"embeddable":true,"href":"https:\/\/archivio.cercoiltuovolto.it\/index.php?rest_route=%2Fwp%2Fv2%2Fcomments&post=233420"}],"version-history":[{"count":0,"href":"https:\/\/archivio.cercoiltuovolto.it\/index.php?rest_route=\/wp\/v2\/posts\/233420\/revisions"}],"wp:attachment":[{"href":"https:\/\/archivio.cercoiltuovolto.it\/index.php?rest_route=%2Fwp%2Fv2%2Fmedia&parent=233420"}],"wp:term":[{"taxonomy":"category","embeddable":true,"href":"https:\/\/archivio.cercoiltuovolto.it\/index.php?rest_route=%2Fwp%2Fv2%2Fcategories&post=233420"},{"taxonomy":"post_tag","embeddable":true,"href":"https:\/\/archivio.cercoiltuovolto.it\/index.php?rest_route=%2Fwp%2Fv2%2Ftags&post=233420"}],"curies":[{"name":"wp","href":"https:\/\/api.w.org\/{rel}","templated":true}]}}