{"id":233373,"date":"2012-02-13T12:01:13","date_gmt":"2012-02-13T12:01:13","guid":{"rendered":"https:\/\/archivio.cercoiltuovolto.it\/?p=233373"},"modified":"2012-02-13T12:01:13","modified_gmt":"2012-02-13T12:01:13","slug":"mons-gianfranco-ravasi-le-frontiere-dello-spirito-del-12-febbraio-2012","status":"publish","type":"post","link":"https:\/\/archivio.cercoiltuovolto.it\/?p=233373","title":{"rendered":"mons. Gianfranco Ravasi &#8211; Le Frontiere dello Spirito del 12 febbraio 2012"},"content":{"rendered":"<div style=\"text-align: center;\"><a href=\"http:\/\/www.video.mediaset.it\/video\/frontiere_dello_spirito\/full\/213693\/puntata-del-6-marzo.html\"><img loading=\"lazy\" decoding=\"async\" class=\"aligncenter size-large wp-image-16675\" title=\"ravasi\" src=\"http:\/\/www.cercoiltuovolto.it\/wp-content\/uploads\/2011\/01\/ravasi-600x331.jpg\" alt=\"\" width=\"600\" height=\"331\" \/><\/a><\/div>\n<p style=\"text-align: justify;\"><strong>Domenica 12 febbraio\u00a0 2012, alle ore 8.50<\/strong>, nuovo appuntamento con &#8220;Le Frontiere dello Spirito&#8221;, il programma di cultura e attualit\u00e0 religiosa, curato e condotto dall&#8217;insigne biblista il cardinale<strong>Gianfranco Ravasi<\/strong>, e dalla giornalista\u00a0<strong>Maria Cecilia Sangiorgi<\/strong>.<\/p>\n<p style=\"text-align: justify;\">Nella\u00a0<strong>prima parte\u00a0<\/strong>della trasmissione, il cardinale Ravasi commenta con la consueta competenza e autorevolezza un brano tratto dal Libro dei Salmi, che costituisce per i Cristiani una vera e propria raccolta di preghiere dal grande valore spirituale.<\/p>\n<blockquote>\n<p style=\"text-align: justify;\"><em>&#8220;Beato l&#8217;uomo a cui \u00e8 tolta la colpa e coperto il peccato. Beato l&#8217;uomo a cui Dio non imputa il delitto e nel cui spirito non \u00e8 inganno.&#8221;<\/em><\/p>\n<\/blockquote>\n<p style=\"text-align: justify;\"><em><\/em>L&#8217;autore del salmo ha fatto la gioiosa esperienza del perdono di Dio: &#8220;Beato l&#8217;uomo a cui \u00e8 tolta la colpa e coperto il peccato&#8221;. L&#8217;umilt\u00e0 di ammettere il proprio peccato e chiederne perdono a Dio ottiene che la colpa venga tolta, ma anche &#8220;coperta&#8221;, poich\u00e9 l&#8217;umile con l&#8217;aiuto di Dio fa dimenticare agli uomini il proprio passato di peccato mediante la carit\u00e0. Perci\u00f2 \u00e8 beato chi si \u00e8 riconciliato con Dio e &#8220;nel cui spirito non c&#8217;\u00e8 inganno&#8221;.\u00a0<\/p>\n<p style=\"text-align: justify;\">La\u00a0<strong>seconda parte\u00a0<\/strong>del programma, curata da Maria Cecilia Sangiorgi, \u00e8 ancora\u00a0 dedicata al tema della giustizia riparativa.<br \/>Questo tipo di giustizia vuole tutelare le vittime del reato attraverso la riparazione del danno (economico, fisico e psicologico) e stabilire strategie d&#8217;intervento che rispettino il disagio e il dolore subito dalla vittima. La mediazione si colloca all&#8217;interno di questo modello di giustizia.\u00a0<br \/>In Italia la giustizia riparativa \u00e8 ancora un&#8217;esperienza di nicchia rispetto all&#8217;ancora predominio dell&#8217;altro modello di giustizia, quello retributivo, comunque timidamente comincia a diffondersi un po&#8217; in tutto il paese. Un esempio di questo tipo di esperienza \u00e8 l&#8217;Ufficio per la Giustizia Riparativa della Caritas Diocesana di Bergamo.<\/p>\n<p><em>Il produttore esecutivo della trasmissione \u00e8\u00a0<strong>Tiziana Colombo<\/strong>; la regia \u00e8 affidata a\u00a0<strong>Vittorio Riva<\/strong>.<\/em><\/p>\n<p class=\"video-link\" style=\"text-align: justify;\"><a href=\"http:\/\/www.video.mediaset.it\/video\/frontiere_dello_spirito\/full\/283555\/puntata-del-12-febbraio.html\">Guarda il video sul sito Mediaset<\/a><\/p>\n<p class=\"video-link\" style=\"text-align: justify;\">Fonte: <a href=\"http:\/\/www.tv.mediaset.it\/quimediaset\/comunicati\/comunicato_4296.shtml\">Qui Mediaset<\/a><\/p>\n","protected":false},"excerpt":{"rendered":"<p>Domenica 12 febbraio\u00a0 2012, alle ore 8.50, nuovo appuntamento con &#8220;Le Frontiere dello Spirito&#8221;, il programma di cultura e attualit\u00e0 religiosa, curato e condotto dall&#8217;insigne biblista il cardinaleGianfranco Ravasi, e dalla giornalista\u00a0Maria Cecilia Sangiorgi. Nella\u00a0prima parte\u00a0della trasmissione, il cardinale Ravasi commenta con la consueta competenza e autorevolezza un brano tratto dal Libro dei Salmi, che&#8230;<\/p>\n","protected":false},"author":3,"featured_media":0,"comment_status":"closed","ping_status":"closed","sticky":false,"template":"","format":"standard","meta":{"_kad_post_transparent":"","_kad_post_title":"","_kad_post_layout":"","_kad_post_sidebar_id":"","_kad_post_content_style":"","_kad_post_vertical_padding":"","_kad_post_feature":"","_kad_post_feature_position":"","_kad_post_header":false,"_kad_post_footer":false,"_kad_post_classname":"","footnotes":""},"categories":[102,157],"tags":[525,24,113],"class_list":["post-233373","post","type-post","status-publish","format-standard","hentry","category-102","category-bibbia","tag-libro-dei-salmi","tag-televisione","tag-video"],"_links":{"self":[{"href":"https:\/\/archivio.cercoiltuovolto.it\/index.php?rest_route=\/wp\/v2\/posts\/233373","targetHints":{"allow":["GET"]}}],"collection":[{"href":"https:\/\/archivio.cercoiltuovolto.it\/index.php?rest_route=\/wp\/v2\/posts"}],"about":[{"href":"https:\/\/archivio.cercoiltuovolto.it\/index.php?rest_route=\/wp\/v2\/types\/post"}],"author":[{"embeddable":true,"href":"https:\/\/archivio.cercoiltuovolto.it\/index.php?rest_route=\/wp\/v2\/users\/3"}],"replies":[{"embeddable":true,"href":"https:\/\/archivio.cercoiltuovolto.it\/index.php?rest_route=%2Fwp%2Fv2%2Fcomments&post=233373"}],"version-history":[{"count":0,"href":"https:\/\/archivio.cercoiltuovolto.it\/index.php?rest_route=\/wp\/v2\/posts\/233373\/revisions"}],"wp:attachment":[{"href":"https:\/\/archivio.cercoiltuovolto.it\/index.php?rest_route=%2Fwp%2Fv2%2Fmedia&parent=233373"}],"wp:term":[{"taxonomy":"category","embeddable":true,"href":"https:\/\/archivio.cercoiltuovolto.it\/index.php?rest_route=%2Fwp%2Fv2%2Fcategories&post=233373"},{"taxonomy":"post_tag","embeddable":true,"href":"https:\/\/archivio.cercoiltuovolto.it\/index.php?rest_route=%2Fwp%2Fv2%2Ftags&post=233373"}],"curies":[{"name":"wp","href":"https:\/\/api.w.org\/{rel}","templated":true}]}}