{"id":233361,"date":"2012-02-10T14:49:34","date_gmt":"2012-02-10T14:49:34","guid":{"rendered":"https:\/\/archivio.cercoiltuovolto.it\/?p=233361"},"modified":"2012-02-10T14:49:34","modified_gmt":"2012-02-10T14:49:34","slug":"padre-zanotelli-fano-diritti-negati-sfide-future","status":"publish","type":"post","link":"https:\/\/archivio.cercoiltuovolto.it\/?p=233361","title":{"rendered":"padre Zanotelli a Fano: diritti negati e sfide future"},"content":{"rendered":"<p style=\"text-align: justify;\"><a href=\"http:\/\/www.cercoiltuovolto.it\/wp-content\/uploads\/2012\/02\/121394_zanotellilocandinafano_std.jpg\"><img loading=\"lazy\" decoding=\"async\" class=\"alignleft size-large wp-image-22866\" title=\"121394_zanotellilocandinafano_std\" src=\"http:\/\/www.cercoiltuovolto.it\/wp-content\/uploads\/2012\/02\/121394_zanotellilocandinafano_std-315x450.jpg\" alt=\"\" width=\"315\" height=\"450\" \/><\/a>Gioved\u00ec 9 febbraio alle ore 21,00 il missionario comboniano Alex Zanotelli incontrer\u00e0 la cittadinanza di Fano presso il Centro Pastorale Diocesano in via Roma 118. <strong>L&#8217;incontro sar\u00e0 replicato luned\u00ec 13 febbraio alle ore 21,<\/strong> presso il Comune di Monte Porzio, al Centro Sportivo \u201cOlimpia\u201d <strong>e marted\u00ec 14 febbraio, sempre alle 21<\/strong> a Cagli presso la Sala del Ridotto del Teatro Comunale.<\/p>\n<p style=\"text-align: justify;\">Alex Zanotelli \u00e8 un missionario Comboniano che ha vissuto per 12 anni nella baraccopoli di Korogocho in Kenya. Rientrato in Italia, ha scelto di vivere in un quartiere popolare di Napoli. Precedentemente era stato missionario in Sudan e per molti anni direttore della rivista Nigrizia con cui continua a collaborare tuttora. Zanotelli \u00e8 inoltre l&#8217;ispiratore ed il fondatore di alcuni movimenti italiani che hanno l&#8217;obiettivo di creare le condizioni della pace e di una societ\u00e0 solidale in cui gli ultimi abbiano cittadinanza.<\/p>\n<p>L&#8217;incontro ripercorrer\u00e0 le tappe della missione di Zanotelli, dalle baraccopoli di Korogocho, fino alle ultime battaglie per i diritti negati che il missionario comboniano continua a combattere nel nostro paese: quelle per la legalit\u00e0, nel rione di Napoli e quella per il diritto all&#8217;acqua continuamente messo in discussione dai tentativi di privatizzarla, nonostante il grande risultato civico raggiunto con i referendum dello scorso giugno. Toccher\u00e0 infine il tema della crisi, ma anche delle nuove risposte che stanno nascendo dalla societ\u00e0 civile. Risposte che accendono una luce in fondo a questo periodo di grande buio.<\/p>\n<p style=\"text-align: justify;\">Gli incontri sono organizzati con la collaborazione di Missionari Comboniani, L\u2019Africa chiama, Gruppo Fuoritempo, Comune di Monte Porzio, Comune di Cagli, Centro Missionario Diocesano, Acli, Caritas Diocesana-Sala della Pace, Gim-Giovani Impegno Missionario.<\/p>\n<p>[powerpress]<\/p>\n<p class=\"link\">Fonti: <a href=\"http:\/\/www.santafamiglia.info\/\">Santa Famiglia<\/a> | <a href=\"http:\/\/www.viverefano.com\/index.php?page=articolo&amp;articolo_id=335775\">Vivere Fano<\/a><\/p>\n","protected":false},"excerpt":{"rendered":"<p>Gioved\u00ec 9 febbraio alle ore 21,00 il missionario comboniano Alex Zanotelli incontrer\u00e0 la cittadinanza di Fano presso il Centro Pastorale Diocesano in via Roma 118. L&#8217;incontro sar\u00e0 replicato luned\u00ec 13 febbraio alle ore 21, presso il Comune di Monte Porzio, al Centro Sportivo \u201cOlimpia\u201d e marted\u00ec 14 febbraio, sempre alle 21 a Cagli presso la&#8230;<\/p>\n","protected":false},"author":3,"featured_media":0,"comment_status":"closed","ping_status":"closed","sticky":false,"template":"","format":"standard","meta":{"_kad_post_transparent":"","_kad_post_title":"","_kad_post_layout":"","_kad_post_sidebar_id":"","_kad_post_content_style":"","_kad_post_vertical_padding":"","_kad_post_feature":"","_kad_post_feature_position":"","_kad_post_header":false,"_kad_post_footer":false,"_kad_post_classname":"","footnotes":""},"categories":[102,605],"tags":[117,54],"class_list":["post-233361","post","type-post","status-publish","format-standard","hentry","category-102","category-comboniani","tag-incontri","tag-interviste"],"_links":{"self":[{"href":"https:\/\/archivio.cercoiltuovolto.it\/index.php?rest_route=\/wp\/v2\/posts\/233361","targetHints":{"allow":["GET"]}}],"collection":[{"href":"https:\/\/archivio.cercoiltuovolto.it\/index.php?rest_route=\/wp\/v2\/posts"}],"about":[{"href":"https:\/\/archivio.cercoiltuovolto.it\/index.php?rest_route=\/wp\/v2\/types\/post"}],"author":[{"embeddable":true,"href":"https:\/\/archivio.cercoiltuovolto.it\/index.php?rest_route=\/wp\/v2\/users\/3"}],"replies":[{"embeddable":true,"href":"https:\/\/archivio.cercoiltuovolto.it\/index.php?rest_route=%2Fwp%2Fv2%2Fcomments&post=233361"}],"version-history":[{"count":0,"href":"https:\/\/archivio.cercoiltuovolto.it\/index.php?rest_route=\/wp\/v2\/posts\/233361\/revisions"}],"wp:attachment":[{"href":"https:\/\/archivio.cercoiltuovolto.it\/index.php?rest_route=%2Fwp%2Fv2%2Fmedia&parent=233361"}],"wp:term":[{"taxonomy":"category","embeddable":true,"href":"https:\/\/archivio.cercoiltuovolto.it\/index.php?rest_route=%2Fwp%2Fv2%2Fcategories&post=233361"},{"taxonomy":"post_tag","embeddable":true,"href":"https:\/\/archivio.cercoiltuovolto.it\/index.php?rest_route=%2Fwp%2Fv2%2Ftags&post=233361"}],"curies":[{"name":"wp","href":"https:\/\/api.w.org\/{rel}","templated":true}]}}