{"id":233335,"date":"2012-02-05T06:40:29","date_gmt":"2012-02-05T06:40:29","guid":{"rendered":"https:\/\/archivio.cercoiltuovolto.it\/?p=233335"},"modified":"2012-02-05T06:40:29","modified_gmt":"2012-02-05T06:40:29","slug":"uno-sguardo-cattolico-100-editoriali-dellosservatore-romano-2007-2011","status":"publish","type":"post","link":"https:\/\/archivio.cercoiltuovolto.it\/?p=233335","title":{"rendered":"Uno sguardo cattolico &#8211; 100 editoriali dell&#8217;Osservatore Romano (2007-2011)"},"content":{"rendered":"<p style=\"text-align: justify;\"><a href=\"http:\/\/www.cercoiltuovolto.it\/wp-content\/uploads\/2012\/02\/Uno-sguardo-cattolico-100-editoriali-dellOsservatore-Romano.jpg\"><img loading=\"lazy\" decoding=\"async\" class=\"alignright size-full wp-image-22774\" title=\"Uno sguardo cattolico - 100 editoriali dell'Osservatore Romano\" src=\"http:\/\/www.cercoiltuovolto.it\/wp-content\/uploads\/2012\/02\/Uno-sguardo-cattolico-100-editoriali-dellOsservatore-Romano.jpg\" alt=\"\" width=\"200\" height=\"299\" \/><\/a>Dall&#8217;autunno del 2007 &#8220;L&#8217;Osservatore Romano&#8221; ha intrapreso un rinnovamento radicale, divenendo una presenza pi\u00f9 netta e interessante nel panorama giornalistico e culturale, italiano e non solo. Soprattutto, seguendo il desiderio del suo editore, il Papa, ha ampliato il suo respiro con una larga apertura alle questioni internazionali, che segue con logiche diverse da quelle degli altri media, spesso grazie a fonti privilegiate o addirittura uniche. Nel centocinquantesimo anniversario del giornale (che usc\u00ec per la prima volta con la data del 1\u00b0 luglio 1861), si raccolgono qui, in ordine cronologico e con le titolazioni originali, cento editoriali pubblicati in questi ultimi quattro anni, scelti sia perch\u00e9 costituiscono uno specchio del giornale nel commentare l&#8217;attivit\u00e0 della Santa Sede e del Papa, sia perch\u00e9 rivelano un nuovo modo di affrontare i problemi che la Chiesa ha incontrato, dalla discussione sul fine-vita al rapporto tra scienza e interessi economici, dall&#8217;irruzione di Internet nella vita quotidiana fino allo scandalo della pedofilia. La complessit\u00e0 e la ricchezza con cui la Chiesa cattolica vive la sua presenza culturale nel mondo risaltano anche nelle firme degli editoriali, tra cui compaiono molti non cattolici &#8211; cristiani di altre confessioni, esponenti dell&#8217;ebraismo e dell&#8217;islam, intellettuali laici &#8211; a testimonianza di un confronto chiaro e pacato con le questioni della contemporaneit\u00e0 e secondo una linea di fedelt\u00e0 alla tradizione cattolica.<\/p>\n<div class=\"powerpressbox\">\n<h3>Guarda la presentazione<\/h3>\n<\/div>\n<p class=\"acquista-paragrafo\"><a href=\"http:\/\/www.libreriadelsanto.it\/libri\/9788834321331\/uno-sguardo-cattolico.html?p=sot\" target=\"_blank\">Acquista il libro<\/a> su Libreria del Santo<\/p>\n","protected":false},"excerpt":{"rendered":"<p>Dall&#8217;autunno del 2007 &#8220;L&#8217;Osservatore Romano&#8221; ha intrapreso un rinnovamento radicale, divenendo una presenza pi\u00f9 netta e interessante nel panorama giornalistico e culturale, italiano e non solo. Soprattutto, seguendo il desiderio del suo editore, il Papa, ha ampliato il suo respiro con una larga apertura alle questioni internazionali, che segue con logiche diverse da quelle degli&#8230;<\/p>\n","protected":false},"author":3,"featured_media":0,"comment_status":"closed","ping_status":"closed","sticky":false,"template":"","format":"standard","meta":{"_kad_post_transparent":"","_kad_post_title":"","_kad_post_layout":"","_kad_post_sidebar_id":"","_kad_post_content_style":"","_kad_post_vertical_padding":"","_kad_post_feature":"","_kad_post_feature_position":"","_kad_post_header":false,"_kad_post_footer":false,"_kad_post_classname":"","footnotes":""},"categories":[102,122],"tags":[17],"class_list":["post-233335","post","type-post","status-publish","format-standard","hentry","category-102","category-conferenze","tag-libri"],"_links":{"self":[{"href":"https:\/\/archivio.cercoiltuovolto.it\/index.php?rest_route=\/wp\/v2\/posts\/233335","targetHints":{"allow":["GET"]}}],"collection":[{"href":"https:\/\/archivio.cercoiltuovolto.it\/index.php?rest_route=\/wp\/v2\/posts"}],"about":[{"href":"https:\/\/archivio.cercoiltuovolto.it\/index.php?rest_route=\/wp\/v2\/types\/post"}],"author":[{"embeddable":true,"href":"https:\/\/archivio.cercoiltuovolto.it\/index.php?rest_route=\/wp\/v2\/users\/3"}],"replies":[{"embeddable":true,"href":"https:\/\/archivio.cercoiltuovolto.it\/index.php?rest_route=%2Fwp%2Fv2%2Fcomments&post=233335"}],"version-history":[{"count":0,"href":"https:\/\/archivio.cercoiltuovolto.it\/index.php?rest_route=\/wp\/v2\/posts\/233335\/revisions"}],"wp:attachment":[{"href":"https:\/\/archivio.cercoiltuovolto.it\/index.php?rest_route=%2Fwp%2Fv2%2Fmedia&parent=233335"}],"wp:term":[{"taxonomy":"category","embeddable":true,"href":"https:\/\/archivio.cercoiltuovolto.it\/index.php?rest_route=%2Fwp%2Fv2%2Fcategories&post=233335"},{"taxonomy":"post_tag","embeddable":true,"href":"https:\/\/archivio.cercoiltuovolto.it\/index.php?rest_route=%2Fwp%2Fv2%2Ftags&post=233335"}],"curies":[{"name":"wp","href":"https:\/\/api.w.org\/{rel}","templated":true}]}}