{"id":233310,"date":"2012-02-02T06:24:26","date_gmt":"2012-02-02T06:24:26","guid":{"rendered":"https:\/\/archivio.cercoiltuovolto.it\/?p=233310"},"modified":"2012-02-02T06:24:26","modified_gmt":"2012-02-02T06:24:26","slug":"commento-al-vangelo-del-5-febbraio-2012-don-mauro-pozzi","status":"publish","type":"post","link":"https:\/\/archivio.cercoiltuovolto.it\/?p=233310","title":{"rendered":"Commento al Vangelo del 5 febbraio 2012 &#8211; don Mauro Pozzi"},"content":{"rendered":"<p style=\"text-align: justify;\">Il commento al Vangelo della domenica a cura di don Mauro Pozzi parroco della Parrocchia S. Giovanni Battista, Novara.<\/p>\n<blockquote>\n<h2 style=\"text-align: justify;\">RIPOSO E CONSOLAZIONE<\/h2>\n<p style=\"text-align: justify;\">Il libro di Giobbe \u00e8 molto importante perch\u00e9 segna una svolta nel modo di affrontare il problema del dolore e del male. La visione antica, risalente ai tempi di Mos\u00e8, era un po\u2019 troppo semplicistica nell\u2019affermare che ai buoni \u00e8 accordata prosperit\u00e0 e buona fortuna, mentre i peccatori soffrono per il male che commettono. L\u2019esperienza quotidiana invece ci mostra che il mondo \u00e8 pieno di gente malvagia che se la spassa e questo era anche sotto gli occhi degli ebrei di allora. D&#8217;altronde se la giustizia appartenesse a questa terra, Ges\u00f9 non sarebbe mai stato crocifisso. Giobbe \u00e8 un uomo giusto che va in rovina e tuttavia conserva la fiducia in Dio, che alla fine lo salver\u00e0. La lettura che abbiamo fatto \u00e8 attraversata da un grande pessimismo, che ritroviamo anche nel libro del Qoelet, perch\u00e9 a quei tempi si pensava che l\u2019anima sopravvivesse al corpo, ma come un\u2019ombra e che la vita vera fosse quella prima della morte fisica. Mancava un tassello fondamentale: il Cristo. \u00c8 lui che salva e in lui i morti possono risorgere a una vita nuova e piena, simile a quella dell\u2019uomo prima del peccato originale. Senza il Salvatore saremmo come i condannati nel braccio della morte. Possiamo allora comprendere l\u2019infinito valore dell\u2019incarnazione di Dio in Ges\u00f9 Cristo. Nel vangelo di oggi il Maestro \u00e8 a Cafarnao, il paese di Pietro, e sta uscendo dalla sinagoga dove ha liberato l\u2019indemoniato, episodio che abbiamo letto domenica scorsa. Va a casa di Simone dove compie la sua prima guarigione. L\u2019evangelista ci offre un particolare importantissimo: \u00e8 sera, dopo il tramonto, la lunga giornata \u00e8 finita, la gente che va da Ges\u00f9 \u00e8 stanca e piena di miserie. Sono come Giobbe, stanno per coricarsi e si chiedono se vedranno il mattino, hanno bisogno di riposo e di consolazione. Il Signore li guarisce e li libera dal male. \u00c8 un\u2019immagine meravigliosa. Nel buio della notte c\u2019\u00e8 una luce che brilla e che scalda. Al mattino Ges\u00f9 va a pregare in un luogo solitario. \u00c8 un indizio e un suggerimento per noi: pregare \u00e8 riposare nelle braccia del Padre. Pietro si stupisce che il Maestro possa stare l\u00ec quando tutti lo cercano, quasi che stesse perdendo tempo. L\u2019esempio del Signore insegna che non si pu\u00f2 sempre dare, occorre anche ricaricarsi nel contatto con Dio. Le guarigioni sono funzionali al messaggio della salvezza, non sono lo scopo della missione di Ges\u00f9. La preghiera \u00e8 allora una importante sosta per ritrovare energie e anche per rimanere fedeli alla propria vocazione, senza farsi travolgere dal desiderio di un\u2019affermazione personale. L\u2019ascolto di Dio chiarisce ci\u00f2 che \u00e8 pi\u00f9 importante.<\/p>\n<\/blockquote>\n<p><a href=\"http:\/\/www.youtube.com\/watch?v=Z8xRnHRMC_I\">Link al video<\/a><\/p>\n<p style=\"text-align: justify;\"><strong>Mc 1, 29-39<\/strong><\/p>\n<p style=\"text-align: justify;\">In quel tempo, Ges\u00f9, uscito dalla sinagoga, subito and\u00f2 nella casa di Simone e Andrea, in compagnia di Giacomo e Giovanni. La suocera di Simone era a letto con la febbre e subito gli parlarono di lei. Egli si avvicin\u00f2 e la fece alzare prendendola per mano; la febbre la lasci\u00f2 ed ella li serviva. Venuta la sera, dopo il tramonto del sole, gli portavano tutti i malati e gli indemoniati. Tutta la citt\u00e0 era riunita davanti alla porta. Guar\u00ec molti che erano affetti da varie malattie e scacci\u00f2 molti dem\u00f2ni; ma non permetteva ai dem\u00f2ni di parlare, perch\u00e9 lo conoscevano. Al mattino presto si alz\u00f2 quando ancora era buio e, uscito, si ritir\u00f2 in un luogo deserto, e l\u00e0 pregava. Ma Simone e quelli che erano con lui si misero sulle sue tracce. Lo trovarono e gli dissero: \u00abTutti ti cercano!\u00bb. Egli disse loro: \u00abAndiamocene altrove, nei villaggi vicini. perch\u00e9 io predichi anche l\u00e0; per questo Infatti sono venuto!\u00bb. E and\u00f2 per tutta la Galilea, predicando nelle loro sinagoghe e scacciando i dem\u00f2ni<\/p>\n","protected":false},"excerpt":{"rendered":"<p>Il commento al Vangelo della domenica a cura di don Mauro Pozzi parroco della Parrocchia S. Giovanni Battista, Novara.<\/p>\n","protected":false},"author":3,"featured_media":0,"comment_status":"closed","ping_status":"closed","sticky":false,"template":"","format":"standard","meta":{"_kad_post_transparent":"","_kad_post_title":"","_kad_post_layout":"","_kad_post_sidebar_id":"","_kad_post_content_style":"","_kad_post_vertical_padding":"","_kad_post_feature":"","_kad_post_feature_position":"","_kad_post_header":false,"_kad_post_footer":false,"_kad_post_classname":"","footnotes":""},"categories":[102,147],"tags":[388,172,83],"class_list":["post-233310","post","type-post","status-publish","format-standard","hentry","category-102","category-commento-al-vangelo","tag-don-mauro-pozzi","tag-vangelo-della-domenica","tag-youtube"],"_links":{"self":[{"href":"https:\/\/archivio.cercoiltuovolto.it\/index.php?rest_route=\/wp\/v2\/posts\/233310","targetHints":{"allow":["GET"]}}],"collection":[{"href":"https:\/\/archivio.cercoiltuovolto.it\/index.php?rest_route=\/wp\/v2\/posts"}],"about":[{"href":"https:\/\/archivio.cercoiltuovolto.it\/index.php?rest_route=\/wp\/v2\/types\/post"}],"author":[{"embeddable":true,"href":"https:\/\/archivio.cercoiltuovolto.it\/index.php?rest_route=\/wp\/v2\/users\/3"}],"replies":[{"embeddable":true,"href":"https:\/\/archivio.cercoiltuovolto.it\/index.php?rest_route=%2Fwp%2Fv2%2Fcomments&post=233310"}],"version-history":[{"count":0,"href":"https:\/\/archivio.cercoiltuovolto.it\/index.php?rest_route=\/wp\/v2\/posts\/233310\/revisions"}],"wp:attachment":[{"href":"https:\/\/archivio.cercoiltuovolto.it\/index.php?rest_route=%2Fwp%2Fv2%2Fmedia&parent=233310"}],"wp:term":[{"taxonomy":"category","embeddable":true,"href":"https:\/\/archivio.cercoiltuovolto.it\/index.php?rest_route=%2Fwp%2Fv2%2Fcategories&post=233310"},{"taxonomy":"post_tag","embeddable":true,"href":"https:\/\/archivio.cercoiltuovolto.it\/index.php?rest_route=%2Fwp%2Fv2%2Ftags&post=233310"}],"curies":[{"name":"wp","href":"https:\/\/api.w.org\/{rel}","templated":true}]}}