{"id":233289,"date":"2012-01-27T19:26:10","date_gmt":"2012-01-27T19:26:10","guid":{"rendered":"https:\/\/archivio.cercoiltuovolto.it\/?p=233289"},"modified":"2012-01-27T19:26:10","modified_gmt":"2012-01-27T19:26:10","slug":"riflessione-sul-vangelo-iv-domenica-del-t-o-anno-b-29-gennaio-2012","status":"publish","type":"post","link":"https:\/\/archivio.cercoiltuovolto.it\/?p=233289","title":{"rendered":"Riflessione sul Vangelo: IV domenica del T. O. (anno B) &#8211; 29 gennaio 2012"},"content":{"rendered":"<p style=\"text-align: center;\">\n<p style=\"text-align: justify;\">&#8220;<em>La Parola di Dio<\/em>&#8220;, canale YouTube del prolifico Don Mauro di <a href=\"http:\/\/www.graficapastorale.it\"><strong>graficapastorale.it<\/strong><\/a>, propone una riflessione sul brano del Vangelo di domenica prossima<strong>, <em>Mc 1, 21-28<\/em><\/strong><strong>.<\/strong><\/p>\n<blockquote>\n<h4>Chi desidera automaticamente avere il testo delle riflessioni, mandi il proprio indirizzo email a riflessionevangelo@graficapastorale.com che lo spedir\u00e0 ogni settimana.<\/h4>\n<\/blockquote>\n<blockquote style=\"text-align: justify;\">\n<p><em><\/em><em>Dal Vangelo secondo\u00a0Marco<\/em><\/p>\n<p>In quel tempo, Ges\u00f9, entrato di sabato nella sinagoga, [a Caf\u00e0rnao,] insegnava. Ed erano stupiti del suo insegnamento: egli infatti insegnava loro come uno che ha autorit\u00e0, e non come gli scribi.<br \/>Ed ecco, nella loro sinagoga vi era un uomo posseduto da uno spirito impuro e cominci\u00f2 a gridare, dicendo: \u00abChe vuoi da noi, Ges\u00f9 Nazareno? Sei venuto a rovinarci? Io so chi tu sei: il santo di Dio!\u00bb. E Ges\u00f9 gli ordin\u00f2 severamente: \u00abTaci! Esci da lui!\u00bb. E lo spirito impuro, straziandolo e gridando forte, usc\u00ec da lui.<br \/>Tutti furono presi da timore, tanto che si chiedevano a vicenda: \u00abChe \u00e8 mai questo? Un insegnamento nuovo, dato con autorit\u00e0. Comanda persino agli spiriti impuri e gli obbediscono!\u00bb.<br \/>La sua fama si diffuse subito dovunque, in tutta la regione della Galilea.<\/p>\n<p>C: Parola del Signore.<br \/>A: Lode a Te o Cristo.<\/p>\n<\/blockquote>\n<p class=\"link\"><a href=\"http:\/\/www.youtube.com\/watch?v=MHkll5C1hX4\">Link al Video<\/a><\/p>\n","protected":false},"excerpt":{"rendered":"<p>&#8220;La Parola di Dio&#8221;, canale YouTube del prolifico Don Mauro di graficapastorale.it, propone una riflessione sul brano del Vangelo di domenica prossima, 29 gennaio 2012.<\/p>\n","protected":false},"author":3,"featured_media":0,"comment_status":"closed","ping_status":"closed","sticky":false,"template":"","format":"standard","meta":{"_kad_post_transparent":"","_kad_post_title":"","_kad_post_layout":"","_kad_post_sidebar_id":"","_kad_post_content_style":"","_kad_post_vertical_padding":"","_kad_post_feature":"","_kad_post_feature_position":"","_kad_post_header":false,"_kad_post_footer":false,"_kad_post_classname":"","footnotes":""},"categories":[102,147],"tags":[172,83],"class_list":["post-233289","post","type-post","status-publish","format-standard","hentry","category-102","category-commento-al-vangelo","tag-vangelo-della-domenica","tag-youtube"],"_links":{"self":[{"href":"https:\/\/archivio.cercoiltuovolto.it\/index.php?rest_route=\/wp\/v2\/posts\/233289","targetHints":{"allow":["GET"]}}],"collection":[{"href":"https:\/\/archivio.cercoiltuovolto.it\/index.php?rest_route=\/wp\/v2\/posts"}],"about":[{"href":"https:\/\/archivio.cercoiltuovolto.it\/index.php?rest_route=\/wp\/v2\/types\/post"}],"author":[{"embeddable":true,"href":"https:\/\/archivio.cercoiltuovolto.it\/index.php?rest_route=\/wp\/v2\/users\/3"}],"replies":[{"embeddable":true,"href":"https:\/\/archivio.cercoiltuovolto.it\/index.php?rest_route=%2Fwp%2Fv2%2Fcomments&post=233289"}],"version-history":[{"count":0,"href":"https:\/\/archivio.cercoiltuovolto.it\/index.php?rest_route=\/wp\/v2\/posts\/233289\/revisions"}],"wp:attachment":[{"href":"https:\/\/archivio.cercoiltuovolto.it\/index.php?rest_route=%2Fwp%2Fv2%2Fmedia&parent=233289"}],"wp:term":[{"taxonomy":"category","embeddable":true,"href":"https:\/\/archivio.cercoiltuovolto.it\/index.php?rest_route=%2Fwp%2Fv2%2Fcategories&post=233289"},{"taxonomy":"post_tag","embeddable":true,"href":"https:\/\/archivio.cercoiltuovolto.it\/index.php?rest_route=%2Fwp%2Fv2%2Ftags&post=233289"}],"curies":[{"name":"wp","href":"https:\/\/api.w.org\/{rel}","templated":true}]}}