{"id":233276,"date":"2012-01-26T06:50:42","date_gmt":"2012-01-26T06:50:42","guid":{"rendered":"https:\/\/archivio.cercoiltuovolto.it\/?p=233276"},"modified":"2012-01-26T06:50:42","modified_gmt":"2012-01-26T06:50:42","slug":"la-tenda-blu-etiopia-con-le-armi-della-solidarieta","status":"publish","type":"post","link":"https:\/\/archivio.cercoiltuovolto.it\/?p=233276","title":{"rendered":"La tenda blu &#8211; In Etiopia con le armi della solidariet\u00e0"},"content":{"rendered":"<div id=\"dettaglioComunicatoStampaSezione2\">\n<div style=\"text-align: justify;\"><em><img loading=\"lazy\" decoding=\"async\" class=\"alignleft size-large wp-image-22578\" title=\"La tenda blu\" src=\"http:\/\/www.cercoiltuovolto.it\/wp-content\/uploads\/2012\/01\/La-tenda-blu-286x450.jpg\" alt=\"\" width=\"286\" height=\"450\" \/>\u00abTi mando ad Adua\u00bb. \u00abE dov\u2019\u00e8 Adua? In quale Paese del mondo si trova?\u00bb. Vagamente mi ricor-davo di una battaglia coloniale, anzi di una sconfitta italiana; ma, al momento, non mi veniva in mente altro. \u00ab \u00c8 in Etiopia\u00bb.<\/em><\/div>\n<div style=\"text-align: justify;\">Sr. Laura, salesiana, non pi\u00f9 giovane protagonista di questa storia avvincente e sorprendente, rac-conta a Niccol\u00f2 d\u2019Aquino, con estrema schiettezza e semplicit\u00e0, la conversazione con la sua Supe-riora Generale all\u2019origine di questa che lei considera la sua ultima missione e che per questo voleva fosse tosta, perch\u00e9,\u00a0<em>ne valesse davvero la spesa<\/em>\u2026 A giudicare da quanto riportato in queste pagine &#8211; con grande coinvolgimento da parte dell\u2019Autore &#8211; non vi sono dubbi che la missione sia stata e sia tuttora molto tosta.<\/div>\n<div style=\"text-align: justify;\">Iniziata con una tenda blu, prima casa di Sr. Laura, oggi la missione salesiana\u00a0<em>Kidane Mehret<\/em>\u00a0\u00e8 una piccola citt\u00e0, un punto di riferimento per la popolazione locale che, stremata dalle guerre e dalle precarie condizioni sanitarie, pu\u00f2 contare su un aiuto qualificato per fronteggiare il problema della fame e ritrovare nel lavoro e nell\u2019istruzione una dignit\u00e0 perduta. Tutto questo realizzato da un manipolo di donne coraggiose e tantissimi volontari. Ne valeva davvero la spesa!<\/div>\n<div style=\"text-align: justify;\">Le armi di una politica colonialista sono state sostituite dalle armi della solidariet\u00e0 e dell\u2019impegno umanitario, offerto nel rispetto dei poveri.<\/div>\n<div style=\"text-align: justify;\">\u00a0<\/div>\n<div style=\"text-align: justify;\">Il libro racconta in prima persona gli inizi di una missione in terra etiope e registra contempora-neamente la storia degli ultimi trent\u2019anni di una parte di Africa provata da carestie, siccit\u00e0 e guerre di cui si parla troppo poco. \u00ab<em>\u00c8 la storia<\/em>\u00a0&#8211; scrive Niccol\u00f2 d\u2019Aquino &#8211;\u00a0<em>forse istruttiva e di sicuro sconosciuta ai pi\u00f9, di come nasce una missione. Del \u201cbene\u201d che riesce a produrre attorno a s\u00e9. Delle fatiche quotidiane, delle delusioni da superare, delle ostilit\u00e0 da aggirare<\/em>\u00bb. Ma, sorprendentemente, \u00e8 anche un documento, quasi dettagliato, di quanto tantissimi italiani anonimi sono disposti a fare per aiutare chi ha bisogno. \u00c8 inoltre una testimonianza che i mezzi di informazione, usati a servizio della notizia, costituiscono una grande cassa di risonanza per far conoscere situazioni difficili e urgenze irrimandabili.<\/div>\n<div style=\"text-align: justify;\"><em><strong>I diritti d\u2019autore di questo volume saranno devoluti all\u2019Associazione Amici di Adwa Onlus<strong>.<\/strong><\/strong><\/em><\/div>\n<\/div>\n<div id=\"dettaglioComunicatoStampaSezione3\"><strong>AUTORI<\/strong><\/p>\n<div style=\"text-align: justify;\"><strong>Niccol\u00f2 d\u2019Aquino<\/strong>\u00a0<br \/>dopo una lunga carriera\u00a0giornalistica\u00a0\u2013 tappe prin\u00adcipali: il\u00a0<em>Giornale\u00a0<\/em>di Indro Montanelli, l\u2019<em>Ansa\u00a0<\/em>a Roma e New York,\u00a0<em>Radio Montecarlo<\/em>,\u00a0<em>Il Mondo<\/em>,\u00a0<em>Affari &amp; Finanza<\/em>,\u00a0<em>Io donna \/ Corriere della Sera\u00a0<\/em>\u2013 ora\u00a0\u00e8 corrispondente dall\u2019Italia di\u00a0<em>America Oggi<\/em>, il pi\u00f9 importante quotidiano italiano all\u2019estero\u00a0distribuito nelle edicole USA con l\u2019edi\u00adzione internazionale di\u00a0<em>Repubblica<\/em>in allegato.\u00a0Ha scritto un paio di libri sulla globalizzazione con Piero Bassetti e altri sono in cantiere. \u00c8 uno dei responsabili editoriali di Italic Digital Editions, societ\u00e0 di editoria elettronica fondata con un gruppo di altri professionisti. Dirige anche una rivista dell\u2019Ordine di Malta. E ora ha potuto realizzare un progetto che covava da anni e sen\u00adtiva quasi come un dovere: scrivere questo libro.<\/div>\n<\/div>\n<p class=\"acquista-paragrafo\"><a href=\"http:\/\/www.libreriadelsanto.it\/libri\/9788831540575\/la-tenda-blu.html?p=sot\" target=\"_blank\">Acquista il libro<\/a> su Libreria del Santo<\/p>\n<p class=\"acquista-paragrafo\"><a href=\"http:\/\/www.libreriadelsanto.it\/ebook\/9788831560115\/la-tenda-blu-in-etiopia-con-le-armi-della-solidarieta.html?p=sot\" target=\"_blank\">Acquista l&#8217;ebook<\/a> su Libreria del Santo<\/p>\n<p style=\"text-align: center;\">http:\/\/www.youtube.com\/watch?v=b1Vrp86AAsA<\/p>\n","protected":false},"excerpt":{"rendered":"<p>\u00abTi mando ad Adua\u00bb. \u00abE dov\u2019\u00e8 Adua? In quale Paese del mondo si trova?\u00bb. Vagamente mi ricor-davo di una battaglia coloniale, anzi di una sconfitta italiana; ma, al momento, non mi veniva in mente altro. \u00ab \u00c8 in Etiopia\u00bb. Sr. Laura, salesiana, non pi\u00f9 giovane protagonista di questa storia avvincente e sorprendente, rac-conta a Niccol\u00f2&#8230;<\/p>\n","protected":false},"author":3,"featured_media":0,"comment_status":"closed","ping_status":"closed","sticky":false,"template":"","format":"standard","meta":{"_kad_post_transparent":"","_kad_post_title":"","_kad_post_layout":"","_kad_post_sidebar_id":"","_kad_post_content_style":"","_kad_post_vertical_padding":"","_kad_post_feature":"","_kad_post_feature_position":"","_kad_post_header":false,"_kad_post_footer":false,"_kad_post_classname":"","footnotes":""},"categories":[102,3],"tags":[17,515],"class_list":["post-233276","post","type-post","status-publish","format-standard","hentry","category-102","category-libri","tag-libri","tag-missioni"],"_links":{"self":[{"href":"https:\/\/archivio.cercoiltuovolto.it\/index.php?rest_route=\/wp\/v2\/posts\/233276","targetHints":{"allow":["GET"]}}],"collection":[{"href":"https:\/\/archivio.cercoiltuovolto.it\/index.php?rest_route=\/wp\/v2\/posts"}],"about":[{"href":"https:\/\/archivio.cercoiltuovolto.it\/index.php?rest_route=\/wp\/v2\/types\/post"}],"author":[{"embeddable":true,"href":"https:\/\/archivio.cercoiltuovolto.it\/index.php?rest_route=\/wp\/v2\/users\/3"}],"replies":[{"embeddable":true,"href":"https:\/\/archivio.cercoiltuovolto.it\/index.php?rest_route=%2Fwp%2Fv2%2Fcomments&post=233276"}],"version-history":[{"count":0,"href":"https:\/\/archivio.cercoiltuovolto.it\/index.php?rest_route=\/wp\/v2\/posts\/233276\/revisions"}],"wp:attachment":[{"href":"https:\/\/archivio.cercoiltuovolto.it\/index.php?rest_route=%2Fwp%2Fv2%2Fmedia&parent=233276"}],"wp:term":[{"taxonomy":"category","embeddable":true,"href":"https:\/\/archivio.cercoiltuovolto.it\/index.php?rest_route=%2Fwp%2Fv2%2Fcategories&post=233276"},{"taxonomy":"post_tag","embeddable":true,"href":"https:\/\/archivio.cercoiltuovolto.it\/index.php?rest_route=%2Fwp%2Fv2%2Ftags&post=233276"}],"curies":[{"name":"wp","href":"https:\/\/api.w.org\/{rel}","templated":true}]}}