{"id":233253,"date":"2012-01-15T17:34:49","date_gmt":"2012-01-15T17:34:49","guid":{"rendered":"https:\/\/archivio.cercoiltuovolto.it\/?p=233253"},"modified":"2012-01-15T17:34:49","modified_gmt":"2012-01-15T17:34:49","slug":"crisi-attacco-o-fuga","status":"publish","type":"post","link":"https:\/\/archivio.cercoiltuovolto.it\/?p=233253","title":{"rendered":"Crisi: attacco o fuga?"},"content":{"rendered":"<p style=\"text-align: center;\"><img loading=\"lazy\" decoding=\"async\" class=\"aligncenter size-full wp-image-22503\" title=\"crisi-taize-radiovigiova\" src=\"http:\/\/www.cercoiltuovolto.it\/wp-content\/uploads\/2012\/01\/crisi-taize-radiovigiova.jpg\" alt=\"\" width=\"450\" height=\"208\" \/><\/p>\n<p>In questa puntata <a href=\"http:\/\/www.vigiova.it\/radio\/crisi-attacco-o-fuga-radio-vigiova-a-taize.html\">RadioViGiova ospita fr\u00e8re John della comunit\u00e0 di Taiz\u00e8<\/a>.<\/p>\n<p>Uno sguardo speciale dall\u2019alto della collina di Taiz\u00e8: <br \/>una chiacchierata con un testimone del nostro tempo, tra crisi e spiritualit\u00e0, fughe e musica.<\/p>\n","protected":false},"excerpt":{"rendered":"<p>In questa puntata RadioViGiova ospita fr\u00e8re John della comunit\u00e0 di Taiz\u00e8. Uno sguardo speciale dall\u2019alto della collina di Taiz\u00e8: una chiacchierata con un testimone del nostro tempo, tra crisi e spiritualit\u00e0, fughe e musica.<\/p>\n","protected":false},"author":3,"featured_media":0,"comment_status":"closed","ping_status":"closed","sticky":false,"template":"","format":"standard","meta":{"_kad_post_transparent":"","_kad_post_title":"","_kad_post_layout":"","_kad_post_sidebar_id":"","_kad_post_content_style":"","_kad_post_vertical_padding":"","_kad_post_feature":"","_kad_post_feature_position":"","_kad_post_header":false,"_kad_post_footer":false,"_kad_post_classname":"","footnotes":""},"categories":[102,4],"tags":[423],"class_list":["post-233253","post","type-post","status-publish","format-standard","hentry","category-102","category-audio-cattolici","tag-comunita"],"_links":{"self":[{"href":"https:\/\/archivio.cercoiltuovolto.it\/index.php?rest_route=\/wp\/v2\/posts\/233253","targetHints":{"allow":["GET"]}}],"collection":[{"href":"https:\/\/archivio.cercoiltuovolto.it\/index.php?rest_route=\/wp\/v2\/posts"}],"about":[{"href":"https:\/\/archivio.cercoiltuovolto.it\/index.php?rest_route=\/wp\/v2\/types\/post"}],"author":[{"embeddable":true,"href":"https:\/\/archivio.cercoiltuovolto.it\/index.php?rest_route=\/wp\/v2\/users\/3"}],"replies":[{"embeddable":true,"href":"https:\/\/archivio.cercoiltuovolto.it\/index.php?rest_route=%2Fwp%2Fv2%2Fcomments&post=233253"}],"version-history":[{"count":0,"href":"https:\/\/archivio.cercoiltuovolto.it\/index.php?rest_route=\/wp\/v2\/posts\/233253\/revisions"}],"wp:attachment":[{"href":"https:\/\/archivio.cercoiltuovolto.it\/index.php?rest_route=%2Fwp%2Fv2%2Fmedia&parent=233253"}],"wp:term":[{"taxonomy":"category","embeddable":true,"href":"https:\/\/archivio.cercoiltuovolto.it\/index.php?rest_route=%2Fwp%2Fv2%2Fcategories&post=233253"},{"taxonomy":"post_tag","embeddable":true,"href":"https:\/\/archivio.cercoiltuovolto.it\/index.php?rest_route=%2Fwp%2Fv2%2Ftags&post=233253"}],"curies":[{"name":"wp","href":"https:\/\/api.w.org\/{rel}","templated":true}]}}