{"id":233247,"date":"2012-01-15T16:56:05","date_gmt":"2012-01-15T16:56:05","guid":{"rendered":"https:\/\/archivio.cercoiltuovolto.it\/?p=233247"},"modified":"2012-01-15T16:56:05","modified_gmt":"2012-01-15T16:56:05","slug":"uomini-profeti-leggere-la-bibbia-geremia-miei-occhi-grondano-lacrime","status":"publish","type":"post","link":"https:\/\/archivio.cercoiltuovolto.it\/?p=233247","title":{"rendered":"Uomini e Profeti: Leggere la Bibbia \u2013 Geremia. I miei occhi grondano lacrime"},"content":{"rendered":"<p style=\"text-align: center;\"><a href=\"http:\/\/www.cercoiltuovolto.it\/wp-content\/uploads\/2012\/01\/Michelangelo_Buonarroti_027.jpg\"><img loading=\"lazy\" decoding=\"async\" class=\"aligncenter size-large wp-image-22486\" title=\"Michelangelo_Buonarroti_027\" src=\"http:\/\/www.cercoiltuovolto.it\/wp-content\/uploads\/2012\/01\/Michelangelo_Buonarroti_027-327x450.jpg\" alt=\"\" width=\"327\" height=\"450\" \/><\/a><\/p>\n<p><strong><strong><em>Geremia. I miei occhi grondano lacrime<\/em><\/strong>\u00a0&#8211; con\u00a0<strong>Elena Loewenthal<\/strong><\/strong><\/p>\n<p><em>domenica 11 dicembre 2011<\/em><\/p>\n<p style=\"text-align: justify;\">Geremia, un profeta sull\u2019orlo dell\u2019abisso: cos\u00ec lo definisce Andr\u00e9 N\u00e9her, in uno stupendo saggio sulla profezia,\u00a0<em>\u00a0L\u2019essenza<\/em>\u00a0<em>del profetismo<\/em>\u00a0(Marietti),\u00a0 in cui mostra come Geremia, che vive e opera a Gerusalemme un po\u2019 prima di Ezechiele, ma come Ezechiele assiste alla morte per assassinio di ben cinque re, abbia vissuto in patria quello che Ezechiele vive nell\u2019esilio: la catastrofe e il sogno di salvezza. Geremia non morir\u00e0 a Gerusalemme. Scompare, nella deportazione in Egitto. \u00c8 tra i sommersi, non tra i salvati. Ma \u2013 dice N\u00e9her \u2013 per essere penetrato nei giorni del nulla ha conquistato l\u2019incrollabile certezza di una resurrezione. Ne parliamo con\u00a0<strong>Elena Loewenthal<\/strong>.<\/p>\n<div class=\"powerpressbox\" style=\"text-align: justify;\">[powerpress]<\/div>\n<p class=\"link\" style=\"text-align: justify;\">Fonte: <a href=\"http:\/\/www.radio3.rai.it\/dl\/radio3\/programmi\/puntata\/ContentItem-ac8f1db4-699c-4247-89e6-ebb058770dee.html\">Radio Rai 3 &#8211; file real media<\/a><\/p>\n<p class=\"ascolta\" style=\"text-align: justify;\"><a href=\"https:\/\/skydrive.live.com\/redir.aspx?cid=7e678cf4a2bd73de&amp;resid=7E678CF4A2BD73DE!184&amp;parid=7E678CF4A2BD73DE!158&amp;authkey=!AKSA_D-GLjcDPcw\" target=\"_blank\">Mirror per il file mp3<\/a> (in caso di mancato funzionamento del podcast)<\/p>\n<p class=\"ascolta\" style=\"text-align: justify;\"><a href=\"http:\/\/itunes.apple.com\/it\/podcast\/rai-podcast-radio3\/id138738803\">Link al podcast su iTunes<\/a><\/p>\n","protected":false},"excerpt":{"rendered":"<p>Geremia. I miei occhi grondano lacrime\u00a0&#8211; con\u00a0Elena Loewenthal domenica 11 dicembre 2011 Geremia, un profeta sull\u2019orlo dell\u2019abisso: cos\u00ec lo definisce Andr\u00e9 N\u00e9her, in uno stupendo saggio sulla profezia,\u00a0\u00a0L\u2019essenza\u00a0del profetismo\u00a0(Marietti),\u00a0 in cui mostra come Geremia, che vive e opera a Gerusalemme un po\u2019 prima di Ezechiele, ma come Ezechiele assiste alla morte per assassinio di ben&#8230;<\/p>\n","protected":false},"author":3,"featured_media":0,"comment_status":"closed","ping_status":"closed","sticky":false,"template":"","format":"standard","meta":{"_kad_post_transparent":"","_kad_post_title":"","_kad_post_layout":"","_kad_post_sidebar_id":"","_kad_post_content_style":"","_kad_post_vertical_padding":"","_kad_post_feature":"","_kad_post_feature_position":"","_kad_post_header":false,"_kad_post_footer":false,"_kad_post_classname":"","footnotes":""},"categories":[102,4],"tags":[23,433,31],"class_list":["post-233247","post","type-post","status-publish","format-standard","hentry","category-102","category-audio-cattolici","tag-bibbia","tag-geremia","tag-radio-nel-web"],"_links":{"self":[{"href":"https:\/\/archivio.cercoiltuovolto.it\/index.php?rest_route=\/wp\/v2\/posts\/233247","targetHints":{"allow":["GET"]}}],"collection":[{"href":"https:\/\/archivio.cercoiltuovolto.it\/index.php?rest_route=\/wp\/v2\/posts"}],"about":[{"href":"https:\/\/archivio.cercoiltuovolto.it\/index.php?rest_route=\/wp\/v2\/types\/post"}],"author":[{"embeddable":true,"href":"https:\/\/archivio.cercoiltuovolto.it\/index.php?rest_route=\/wp\/v2\/users\/3"}],"replies":[{"embeddable":true,"href":"https:\/\/archivio.cercoiltuovolto.it\/index.php?rest_route=%2Fwp%2Fv2%2Fcomments&post=233247"}],"version-history":[{"count":0,"href":"https:\/\/archivio.cercoiltuovolto.it\/index.php?rest_route=\/wp\/v2\/posts\/233247\/revisions"}],"wp:attachment":[{"href":"https:\/\/archivio.cercoiltuovolto.it\/index.php?rest_route=%2Fwp%2Fv2%2Fmedia&parent=233247"}],"wp:term":[{"taxonomy":"category","embeddable":true,"href":"https:\/\/archivio.cercoiltuovolto.it\/index.php?rest_route=%2Fwp%2Fv2%2Fcategories&post=233247"},{"taxonomy":"post_tag","embeddable":true,"href":"https:\/\/archivio.cercoiltuovolto.it\/index.php?rest_route=%2Fwp%2Fv2%2Ftags&post=233247"}],"curies":[{"name":"wp","href":"https:\/\/api.w.org\/{rel}","templated":true}]}}