{"id":233239,"date":"2012-01-12T06:00:00","date_gmt":"2012-01-12T06:00:00","guid":{"rendered":"https:\/\/archivio.cercoiltuovolto.it\/?p=233239"},"modified":"2012-01-12T06:00:00","modified_gmt":"2012-01-12T06:00:00","slug":"le-parole-di-santegidio-1o-incontro-gesu","status":"publish","type":"post","link":"https:\/\/archivio.cercoiltuovolto.it\/?p=233239","title":{"rendered":"Le parole di Sant&#8217;Egidio: 1\u00ba incontro, Ges\u00f9"},"content":{"rendered":"<p style=\"text-align: center;\"><a href=\"http:\/\/www.cercoiltuovolto.it\/wp-content\/uploads\/2012\/01\/02.jpg\"><img loading=\"lazy\" decoding=\"async\" class=\"aligncenter size-large wp-image-22453\" title=\"02\" src=\"http:\/\/www.cercoiltuovolto.it\/wp-content\/uploads\/2012\/01\/02-590x391.jpg\" alt=\"\" width=\"590\" height=\"391\" \/><\/a><\/p>\n<p style=\"text-align: justify;\">Primo di quattro incontri dal titolo\u00a0<em>Le parole di Sant&#8217;Egidio<\/em>. In un mondo schiacciato dall&#8217;individualismo e dal materialismo la prospettiva di una Comunit\u00e0 che vive concretamente la sua vocazione.<\/p>\n<p style=\"text-align: justify;\"><strong>Armand Puig i T\u00e0rrech<\/strong>, docente di Nuovo Testamento presso la Facolt\u00e0 Teologica della Catalogna di Barcellona interviene parlando della figura di Ges\u00f9.\u00a0<\/p>\n<p style=\"text-align: justify;\">In collaborazione con la <a href=\"http:\/\/www.palazzoducale.genova.it\/naviga.asp?pagina=6638\">comunit\u00e0 di sant&#8217;Egidio<\/a>.<\/p>\n<p style=\"text-align: justify;\">Fonte: <a href=\"http:\/\/alzogliocchiversoilcielo.blogspot.com\/2012\/01\/gesu-armand-puig-i-tarrech.html\">Alzo gli occhi verso il cielo<\/a><\/p>\n<p style=\"text-align: center;\">\n","protected":false},"excerpt":{"rendered":"<p>Primo di quattro incontri dal titolo\u00a0Le parole di Sant&#8217;Egidio. In un mondo schiacciato dall&#8217;individualismo e dal materialismo la prospettiva di una Comunit\u00e0 che vive concretamente la sua vocazione. Armand Puig i T\u00e0rrech, docente di Nuovo Testamento presso la Facolt\u00e0 Teologica della Catalogna di Barcellona interviene parlando della figura di Ges\u00f9.\u00a0 In collaborazione con la comunit\u00e0&#8230;<\/p>\n","protected":false},"author":3,"featured_media":0,"comment_status":"closed","ping_status":"closed","sticky":false,"template":"","format":"standard","meta":{"_kad_post_transparent":"","_kad_post_title":"","_kad_post_layout":"","_kad_post_sidebar_id":"","_kad_post_content_style":"","_kad_post_vertical_padding":"","_kad_post_feature":"","_kad_post_feature_position":"","_kad_post_header":false,"_kad_post_footer":false,"_kad_post_classname":"","footnotes":""},"categories":[102,122],"tags":[37,117],"class_list":["post-233239","post","type-post","status-publish","format-standard","hentry","category-102","category-conferenze","tag-gesu","tag-incontri"],"_links":{"self":[{"href":"https:\/\/archivio.cercoiltuovolto.it\/index.php?rest_route=\/wp\/v2\/posts\/233239","targetHints":{"allow":["GET"]}}],"collection":[{"href":"https:\/\/archivio.cercoiltuovolto.it\/index.php?rest_route=\/wp\/v2\/posts"}],"about":[{"href":"https:\/\/archivio.cercoiltuovolto.it\/index.php?rest_route=\/wp\/v2\/types\/post"}],"author":[{"embeddable":true,"href":"https:\/\/archivio.cercoiltuovolto.it\/index.php?rest_route=\/wp\/v2\/users\/3"}],"replies":[{"embeddable":true,"href":"https:\/\/archivio.cercoiltuovolto.it\/index.php?rest_route=%2Fwp%2Fv2%2Fcomments&post=233239"}],"version-history":[{"count":0,"href":"https:\/\/archivio.cercoiltuovolto.it\/index.php?rest_route=\/wp\/v2\/posts\/233239\/revisions"}],"wp:attachment":[{"href":"https:\/\/archivio.cercoiltuovolto.it\/index.php?rest_route=%2Fwp%2Fv2%2Fmedia&parent=233239"}],"wp:term":[{"taxonomy":"category","embeddable":true,"href":"https:\/\/archivio.cercoiltuovolto.it\/index.php?rest_route=%2Fwp%2Fv2%2Fcategories&post=233239"},{"taxonomy":"post_tag","embeddable":true,"href":"https:\/\/archivio.cercoiltuovolto.it\/index.php?rest_route=%2Fwp%2Fv2%2Ftags&post=233239"}],"curies":[{"name":"wp","href":"https:\/\/api.w.org\/{rel}","templated":true}]}}