{"id":233227,"date":"2012-01-10T06:00:24","date_gmt":"2012-01-10T06:00:24","guid":{"rendered":"https:\/\/archivio.cercoiltuovolto.it\/?p=233227"},"modified":"2012-01-10T06:00:24","modified_gmt":"2012-01-10T06:00:24","slug":"rai-tre-la-grande-storia-la-chiesa-altrove","status":"publish","type":"post","link":"https:\/\/archivio.cercoiltuovolto.it\/?p=233227","title":{"rendered":"Rai Tre, La Grande Storia: La Chiesa Altrove"},"content":{"rendered":"<p style=\"text-align: justify;\"><em>Un documentario di Maite Carpio<br \/>Consulenti storici: Padre Federico Lombardi, Alberto Melloni e Andrea Riccardi<\/em><\/p>\n<h3 style=\"text-align: justify;\">E&#8217; possibile vedere il video della puntata dai seguenti link:\u00a0<\/h3>\n<ul>\n<li><a href=\"http:\/\/www.lagrandestoria.rai.it\/\">http:\/\/www.lagrandestoria.rai.it<\/a><\/li>\n<li><a href=\"http:\/\/www.rai.tv\/dl\/replaytv\/replaytv.html?day=2012-01-06&amp;ch=3&amp;v=102572&amp;vd=2012-01-06&amp;vc=3#day=2012-01-06&amp;ch=3&amp;v=102572&amp;vd=2012-01-06&amp;vc=3\">Rai Replay<\/a><\/li>\n<li><a href=\"http:\/\/mediapolisvod.rai.it\/relinker\/relinkerServlet.htm?cont=6JLppPpPlusspSbWNUeeqqEEqual\">Link diretto al file<\/a><\/li>\n<\/ul>\n<p style=\"text-align: justify;\"><strong>La Chiesa Altrove<\/strong>\u00a0\u00e8 un viaggio in giro per il mondo, alla ricerca della Chiesa pi\u00f9 remota, quella lontana dalla cupola di San Pietro. Un pellegrinaggio nei luoghi meno conosciuti e pi\u00f9 nascosti del Cristianesimo. La Siria, l\u2019Etiopia, l\u2019Uganda, il Pakistan, la Turchia&#8230; sono luoghi di frontiera dove abitano donne e uomini che hanno fatto una scelta di vita radicale nel nome della propria fede. In questo modo\u00a0<strong>La Chiesa Altrove\u00a0<\/strong>mostra un\u2019immagine della Chiesa contemporanea che va oltre l\u2019ufficialit\u00e0 pi\u00f9 nota, molto diversa da come \u00e8 tradizionalmente conosciuta in Occidente.<br \/>Il documentario si struttura come un trittico intorno ai tre pilastri fondamentali del Cristianesimo: la prima arcata \u00e8 dedicata alla\u00a0<strong>Preghiera<\/strong>\u00a0e al rapporto con il trascendente; la seconda affronta il tema della\u00a0<strong>Carit\u00e0<\/strong>, non tanto per individuare i grandi protagonisti di questa missione, ma le mille facce anonime della carit\u00e0 nel mondo; la terza campata infine vuole approfondire il tema della testimonianza, che comprende anche il discorso del\u00a0<strong>Martirio<\/strong>\u00a0cristiano.\u00a0<br \/><strong><br \/>LA PREGHIERA<\/strong>\u00a0<strong><\/strong><br \/>Tra i servizi, quello sul monastero ecumenico di Mar Musa, costruito nel VI secolo e nascosto tra le montagne della Siria. Fondato da un reale etiopico,\u00a0 fu popolato ininterrottamente fino al 1830, e dopo abbandonato per mancanza di vocazioni.\u00a0 Mar Musa, letteralmente Monastero di San Mos\u00e8 l&#8217;Abissino, \u00e8 una comunit\u00e0 monastica di rito siriaco-cattolico a circa 80 kilometri a nord di Damasco, in Siria.\u00a0<strong>Paolo Dall\u2019Oglio<\/strong>, gesuita romano, l\u2019ha riaperto nel 1980 e restaurato, facendone un luogo di meditazione e di preghiera, centro di incontro tra cristiani e islamici.\u00a0 Padre Dall\u2019Oglio, come tanti altri, si ispira all\u2019esempio di una grande figura del cristianesimo, il beato Charles de Foucauld,\u00a0 che segu\u00ec una vita di preghiera, silenzio, lavoro manuale e\u00a0 assistenza ai poveri. Oggi a Tamanrasset, nel Sud dell\u2019Algeria, nel monastero di Assekrem dove lui abit\u00f2, la confraternita dei Piccoli Fratelli del Sacro Cuore, segue\u00a0 le sue intuizioni. Padre Dall\u2019Olio \u00e8 stato appena espulso dalla Siria.<\/p>\n<p><strong>LA CARITA<\/strong><strong>\u2019<\/strong><br \/>Da segnalare, tra le interviste, quella a<strong>\u00a0Suor Laura Girotto<\/strong>, arrivata come missionaria in Etiopia nel 1993. Ad Adwua, al nord del paese, gli anziani della citt\u00e0 avevano chiesto al vescovo di far venire delle suore salesiane per educare i loro giovani.\u00a0 La regione del Tigray era appena uscita da una guerra durata venticinque anni e la popolazione si trovava in condizioni drammatiche. In questi anni, Suor Laura e la sua comunit\u00e0 hanno costruito un centro di educazione che accoglie pi\u00f9 di 600 ragazzi di tutta la regione: la missione di Kidane Meheret.<br \/><strong><br \/>IL MARTIRIO\u00a0\u00a0<\/strong><br \/>Particolarmente toccante il servizio sulla persecuzione, una forma di martirio molto diffusa ai giorni nostri. In<strong>\u00a0Pakistan<\/strong>, nonostante le ultime elezioni legislative abbiano sancito la vittoria del Partito popolare, sulla carta laico e moderato, gli ultimi due anni sono stati caratterizzati da un drammatico aumento degli attacchi contro le minoranze religiose di tutta la nazione. Quelli che vengono definiti \u201cattacchi\u201d hanno spesso la forma di fatwa ma anche di assalti armati ai luoghi di culto e di rapimenti di membri delle minoranze.<\/p>\n<p style=\"text-align: justify;\">Il racconto di ogni capitolo e&#8217; stato affidato a tre voci di eccellenza: quello sulla preghiera al Priore\u00a0<strong>Enzo Bianchi<\/strong>, fondatore della comunit\u00e0 monastica di Bose, universalmente riconosciuta come uno dei centri pi\u00f9 significativi di incontro ecumenico ed interreligioso del mondo; quello sulla carit\u00e0 a Monsignor\u00a0<strong>Gianfranco Ravasi<\/strong>, biblista e teologo, presidente del Pontificio Consiglio della Cultura, della Pontificia Commissione per i Beni Culturali della Chiesa e presidente della Pontificia Commissione di Archeologia Sacra; infine il capitolo sul martirio sar\u00e0 commentato dal Professor\u00a0<strong>Andrea Riccardi<\/strong>, fondatore della Comunit\u00e0 di Sant\u2019Egidio e attualmente ministro per la Cooperazione Internazionale e l\u2019Integrazione.<br \/>Saranno loro a farci da guida nei luoghi pi\u00f9 segreti dove essere cristiani significa a volte anche rischiare la propria vita. Come i martiri in Turchia e in Pakistan o le suore comboniane che donano la loro vita dedicandosi agli altri in Uganda. Uomini e donne anonimi, sconosciuti ai pi\u00f9, anime di una Chiesa lontana solo geograficamente, ma estremamente vicina agli insegnamenti delle origini.<\/p>\n<p><strong>PADRE ENZO BIANCHI<\/strong><br \/>Enzo Bianchi \u00e8 nato a Castel Boglione (AT) in Monferrato il 3 marzo 1943. Dopo gli studi alla Facolt\u00e0 di Economia e Commercio dell\u2019Universit\u00e0 di Torino, alla fine del 1965 si \u00e8 recato a Bose, una frazione abbandonata del Comune di Magnano sulla Serra di Ivrea, con l\u2019intenzione di dare inizio a una comunit\u00e0 monastica. Raggiunto nel 1968 dai primi fratelli e sorelle, ha scritto la regola della comunit\u00e0. \u00c8 a tutt\u2019oggi priore della comunit\u00e0 la quale conta un\u2019ottantina di membri tra fratelli e sorelle di cinque diverse nazionalit\u00e0 ed \u00e8 presente, oltre che a Bose, anche a Gerusalemme (Israele), Ostuni (BR) e Assisi (PG). Nel 1983 ha fondato la casa editrice Edizioni Qiqajonche pubblica testi di spiritualit\u00e0 biblica, patristica, liturgica e monastica. Nel 2000 l\u2019Universit\u00e0 degli Studi di Torino gli ha conferito la laurea honoris causa in \u201cStoria della Chiesa\u201d. Nell&#8217;agosto 2003 ha fatto parte della delegazione chiamata da papa Giovanni Paolo II e andata a Mosca per portare al Patriarca Alessio II l&#8217;icona della Madre di Dio di Kaza\u0144. Nell&#8217;ottobre 2008 ha partecipato al Sinodo dei Vescovi su la Parola di Dio come &#8220;esperto&#8221; nominato da papa Benedetto XVI. Nel 2009 ha ricevuto il \u201cPremio Cesare Pavese\u201d e il \u201cPremio Cesare Angelini\u201d per il libro Il pane di ieri.<\/p>\n<p><strong>MONSIGNOR RAVASI\u00a0<\/strong><br \/>Gianfranco Ravasi \u00e8 nato a Merate, 18 ottobre 1942. E\u2019 cardinale, arcivescovo Cattolico e biblista italiano, teologo, ebraista ed archeologo. Dal 2007 \u00e8 presidente del Pontificio Consiglio della Cultura, della Pontificia Commissione per i Beni Culturali della Chiesa e presidente della Pontificia Commissione di Archeologia Sacra. \u00c8 autore di numerosi libri di divulgazione biblica e di esegesi e da anni collabora con i quotidiani L&#8217;Osservatore Romano, Il Sole 24 Ore ed Avvenire, il settimanale Famiglia Cristiana e il mensile Jesus, dal 2008 anche con il settimanale polacco Przewodnik Katolicki. Il 20 novembre 2010 \u00e8 stato creato cardinale da papa Benedetto XVI che gli ha assegnato la diaconia di San Giorgio in Velabro.<\/p>\n<p><strong>ANDREA RICCARDI<\/strong><br \/>Andrea Riccardi \u00e8 nato a Roma, il 16 gennaio 1950, \u00e8 uno storico e accademico italiano. Ordinario di Storia contemporanea presso l&#8217;Universit\u00e0 degli Studi Roma Tre, noto studioso della Chiesa in et\u00e0 moderna e contemporanea e fondatore, nel 1968, della Comunit\u00e0 di Sant&#8217;Egidio. Molti dei suoi studi, pubblicati in diverse lingue, vertono sul rapporto fra mondi religiosi differenti e sul tema della coabitazione religiosa in particolare nell&#8217;area mediterranea tra il XIX e il XX secolo. Dal 16 novembre 2011 \u00e8 ministro senza portafoglio per la cooperazione internazionale e l&#8217;integrazione.<\/p>\n","protected":false},"excerpt":{"rendered":"<p>Un documentario di Maite CarpioConsulenti storici: Padre Federico Lombardi, Alberto Melloni e Andrea Riccardi E&#8217; possibile vedere il video della puntata dai seguenti link:\u00a0 http:\/\/www.lagrandestoria.rai.it Rai Replay Link diretto al file La Chiesa Altrove\u00a0\u00e8 un viaggio in giro per il mondo, alla ricerca della Chiesa pi\u00f9 remota, quella lontana dalla cupola di San Pietro. Un&#8230;<\/p>\n","protected":false},"author":3,"featured_media":0,"comment_status":"closed","ping_status":"closed","sticky":false,"template":"","format":"standard","meta":{"_kad_post_transparent":"","_kad_post_title":"","_kad_post_layout":"","_kad_post_sidebar_id":"","_kad_post_content_style":"","_kad_post_vertical_padding":"","_kad_post_feature":"","_kad_post_feature_position":"","_kad_post_header":false,"_kad_post_footer":false,"_kad_post_classname":"","footnotes":""},"categories":[102,126],"tags":[55,380,113],"class_list":["post-233227","post","type-post","status-publish","format-standard","hentry","category-102","category-chiesa","tag-documentario","tag-in-evidenza","tag-video"],"_links":{"self":[{"href":"https:\/\/archivio.cercoiltuovolto.it\/index.php?rest_route=\/wp\/v2\/posts\/233227","targetHints":{"allow":["GET"]}}],"collection":[{"href":"https:\/\/archivio.cercoiltuovolto.it\/index.php?rest_route=\/wp\/v2\/posts"}],"about":[{"href":"https:\/\/archivio.cercoiltuovolto.it\/index.php?rest_route=\/wp\/v2\/types\/post"}],"author":[{"embeddable":true,"href":"https:\/\/archivio.cercoiltuovolto.it\/index.php?rest_route=\/wp\/v2\/users\/3"}],"replies":[{"embeddable":true,"href":"https:\/\/archivio.cercoiltuovolto.it\/index.php?rest_route=%2Fwp%2Fv2%2Fcomments&post=233227"}],"version-history":[{"count":0,"href":"https:\/\/archivio.cercoiltuovolto.it\/index.php?rest_route=\/wp\/v2\/posts\/233227\/revisions"}],"wp:attachment":[{"href":"https:\/\/archivio.cercoiltuovolto.it\/index.php?rest_route=%2Fwp%2Fv2%2Fmedia&parent=233227"}],"wp:term":[{"taxonomy":"category","embeddable":true,"href":"https:\/\/archivio.cercoiltuovolto.it\/index.php?rest_route=%2Fwp%2Fv2%2Fcategories&post=233227"},{"taxonomy":"post_tag","embeddable":true,"href":"https:\/\/archivio.cercoiltuovolto.it\/index.php?rest_route=%2Fwp%2Fv2%2Ftags&post=233227"}],"curies":[{"name":"wp","href":"https:\/\/api.w.org\/{rel}","templated":true}]}}