{"id":233224,"date":"2012-01-09T09:12:51","date_gmt":"2012-01-09T09:12:51","guid":{"rendered":"https:\/\/archivio.cercoiltuovolto.it\/?p=233224"},"modified":"2012-01-09T09:12:51","modified_gmt":"2012-01-09T09:12:51","slug":"omelia-di-benedetto-xvi-nella-santa-messa-la-festa-del-battesimo-del-signore-8-gennaio-2012","status":"publish","type":"post","link":"https:\/\/archivio.cercoiltuovolto.it\/?p=233224","title":{"rendered":"Omelia di Benedetto XVI nella Santa Messa per la festa del battesimo del Signore &#8211; 8 gennaio 2012"},"content":{"rendered":"<blockquote>\n<p style=\"text-align: center;\">\u00a0<\/p>\n<p style=\"text-align: justify;\"><em>Cari fratelli e sorelle!<\/em><\/p>\n<p>E\u2019 sempre una gioia celebrare questa Santa Messa con i Battesimi dei bambini, nella Festa del Battesimo del Signore. Vi saluto tutti con affetto, cari genitori, padrini e madrine, e tutti voi familiari e amici! Siete venuti \u2013 l\u2019avete detto ad alta voce \u2013 perch\u00e9 i vostri neonati ricevano il dono della grazia di Dio, il seme della vita eterna. Voi genitori avete voluto questo. Avete pensato al Battesimo prima ancora che il vostro bambino o la vostra bambina venisse alla luce. La vostra responsabilit\u00e0 di genitori cristiani vi ha fatto pensare subito al Sacramento che segna l\u2019ingresso nella vita divina, nella comunit\u00e0 della Chiesa. Possiamo dire che questa \u00e8 stata la vostra prima scelta educativa come testimoni della fede verso i vostri figli: la scelta \u00e8 fondamentale!<\/p>\n<p>Il compito dei genitori, aiutati dal padrino e dalla madrina, \u00e8 quello di educare il figlio o la figlia. Educare \u00e8 molto impegnativo, a volte \u00e8 arduo per le nostre capacit\u00e0 umane, sempre limitate. Ma educare diventa una meravigliosa missione se la si compie in collaborazione con Dio, che \u00e8 il primo e vero educatore di ogni uomo.<\/p>\n<ul>\n<li><a href=\"http:\/\/www.vatican.va\/holy_father\/benedict_xvi\/homilies\/2012\/documents\/hf_ben-xvi_hom_20120108_battesimo_it.html\">Leggi tutta l&#8217;Omelia<\/a> <em>\u00a9 Copyright 2011 &#8211; Libreria Editrice Vaticana<\/em><\/li>\n<li><em><a href=\"http:\/\/player.rv.va\/vaticanplayer.asp?language=it&amp;tic=VA_9O6PELLK\">link al video<\/a><\/em><\/li>\n<\/ul>\n<\/blockquote>\n<div class=\"powerpressbox\">[powerpress]<\/div>\n<p style=\"text-align: justify;\"><strong>Fonte<\/strong>: Radio Vaticana via FeedRss<\/p>\n<blockquote>\n<p style=\"text-align: justify;\"><span style=\"font-size: xx-small;\"><em>(The content of this podcast is copyrighted by Vatican Radio which, according to its statute, is entrusted to manage and protect the sound recordings of the Roman Pontiff, ensuring that their pastoral character and intellectual property&#8217;s rights are protected when used by third parties. The content of this podcast is made available only for personal and private use and cannot be exploited for commercial purposes, without prior written authorization by Vatican Radio. For further information, please contact the International Relation Office at relint@vatiradio.va)<\/em><\/span><\/p>\n<\/blockquote>\n","protected":false},"excerpt":{"rendered":"<p>\u00a0 Cari fratelli e sorelle! E\u2019 sempre una gioia celebrare questa Santa Messa con i Battesimi dei bambini, nella Festa del Battesimo del Signore. Vi saluto tutti con affetto, cari genitori, padrini e madrine, e tutti voi familiari e amici! Siete venuti \u2013 l\u2019avete detto ad alta voce \u2013 perch\u00e9 i vostri neonati ricevano il&#8230;<\/p>\n","protected":false},"author":3,"featured_media":0,"comment_status":"closed","ping_status":"closed","sticky":false,"template":"","format":"standard","meta":{"_kad_post_transparent":"","_kad_post_title":"","_kad_post_layout":"","_kad_post_sidebar_id":"","_kad_post_content_style":"","_kad_post_vertical_padding":"","_kad_post_feature":"","_kad_post_feature_position":"","_kad_post_header":false,"_kad_post_footer":false,"_kad_post_classname":"","footnotes":""},"categories":[102,453],"tags":[73,9],"class_list":["post-233224","post","type-post","status-publish","format-standard","hentry","category-102","category-battesimo-del-signore","tag-benedetto-xvi","tag-vaticano"],"_links":{"self":[{"href":"https:\/\/archivio.cercoiltuovolto.it\/index.php?rest_route=\/wp\/v2\/posts\/233224","targetHints":{"allow":["GET"]}}],"collection":[{"href":"https:\/\/archivio.cercoiltuovolto.it\/index.php?rest_route=\/wp\/v2\/posts"}],"about":[{"href":"https:\/\/archivio.cercoiltuovolto.it\/index.php?rest_route=\/wp\/v2\/types\/post"}],"author":[{"embeddable":true,"href":"https:\/\/archivio.cercoiltuovolto.it\/index.php?rest_route=\/wp\/v2\/users\/3"}],"replies":[{"embeddable":true,"href":"https:\/\/archivio.cercoiltuovolto.it\/index.php?rest_route=%2Fwp%2Fv2%2Fcomments&post=233224"}],"version-history":[{"count":0,"href":"https:\/\/archivio.cercoiltuovolto.it\/index.php?rest_route=\/wp\/v2\/posts\/233224\/revisions"}],"wp:attachment":[{"href":"https:\/\/archivio.cercoiltuovolto.it\/index.php?rest_route=%2Fwp%2Fv2%2Fmedia&parent=233224"}],"wp:term":[{"taxonomy":"category","embeddable":true,"href":"https:\/\/archivio.cercoiltuovolto.it\/index.php?rest_route=%2Fwp%2Fv2%2Fcategories&post=233224"},{"taxonomy":"post_tag","embeddable":true,"href":"https:\/\/archivio.cercoiltuovolto.it\/index.php?rest_route=%2Fwp%2Fv2%2Ftags&post=233224"}],"curies":[{"name":"wp","href":"https:\/\/api.w.org\/{rel}","templated":true}]}}