{"id":233216,"date":"2012-01-04T06:37:37","date_gmt":"2012-01-04T06:37:37","guid":{"rendered":"https:\/\/archivio.cercoiltuovolto.it\/?p=233216"},"modified":"2012-01-04T06:37:37","modified_gmt":"2012-01-04T06:37:37","slug":"commento-al-vangelo-del-8-gennaio-2012-don-mauro-pozzi","status":"publish","type":"post","link":"https:\/\/archivio.cercoiltuovolto.it\/?p=233216","title":{"rendered":"Commento al Vangelo del 8 gennaio 2012 &#8211; don Mauro Pozzi"},"content":{"rendered":"<p style=\"text-align: justify;\">Il commento al Vangelo della domenica a cura di don Mauro Pozzi parroco della Parrocchia S. Giovanni Battista, Novara.<\/p>\n<blockquote>\n<h3>VICINO A NOI<\/h3>\n<p style=\"text-align: justify;\">Per gli ebrei la santit\u00e0 implica la separazione dai peccati e da chi li commette. Il popolo eletto, essendo santo, cio\u00e8 consacrato a Dio, deve essere separato dagli altri popoli, cosa che avviene ancora oggi. Per quella mentalit\u00e0 pensare che il Messia, il Santo di Dio, si metta in fila con i peccatori per farsi battezzare, \u00e8 un fatto assolutamente inconcepibile. Per questo gli esegeti dicono che il battesimo di Ges\u00f9 \u00e8 un episodio certamente accaduto, perch\u00e9 a nessuno scrittore ebreo sarebbe mai venuto in mente di inventare qualcosa di tanto estraneo alla tradizione. Invece l\u2019Emmanuele, il Dio-con-noi, non solo si fa uomo, ma condivide l\u2019esperienza degli uomini camminando vicino a loro, senza scandalizzarsi di mescolarsi ai peccatori. Egli comincia la sua vita pubblica dal Giordano, iniziando il Regno, come il suo omonimo Giosu\u00e8. Ges\u00f9 e Giosu\u00e8 derivano dallo stesso nome ebraico che \u00e8 tradotto differentemente per distinguere le due figure. Giosu\u00e8 \u00e8 colui che guida il popolo nella terra promessa al termine dell\u2019esodo durato quarant\u2019anni. L\u2019ingresso nella terra dei Padri avviene proprio dal Giordano, che si ferma davanti agli ebrei permettendo loro di attraversarlo all\u2019asciutto come il Mar Rosso. Anche l\u2019annuncio del nuovo Regno comincia dalle acque di quel fiume. Si tratta per\u00f2 di una patria spirituale che si svilupper\u00e0 pienamente solo nell\u2019ultimo giorno. Ges\u00f9 \u00e8 colui che ci guida verso quella meta. Il segno della sua regalit\u00e0 \u00e8 lo Spirito Santo che scende su di lui come una colomba. Questa figura ci ricorda un altro episodio: la fine del diluvio, quando No\u00e8 lascia uscire una colomba che torna con un ramo di ulivo nel becco. Quel rametto annuncia un mondo nuovo da abitare. Allo stesso modo la colomba dello Spirito Santo ci porta Ges\u00f9 che \u00e8 annuncio del nuovo Regno messianico: un nuovo inizio per l\u2019umanit\u00e0. Questo ci riconduce al nostro battesimo, che ha segnato l\u2019origine della nostra vita cristiana facendo di noi i cittadini di quel Regno. Come gli ebrei di allora, anche noi nell\u2019acqua battesimale abbiamo incontrato Ges\u00f9 e il suo Spirito che ci invita a rinascere. Rinnoviamo col cuore la volont\u00e0 di seguirlo.<\/p>\n<\/blockquote>\n<p class=\"link\"><a href=\"http:\/\/www.youtube.com\/watch?v=LWJDpmTyHdw\">Link al video<\/a><\/p>\n","protected":false},"excerpt":{"rendered":"<p>Il commento al Vangelo della domenica a cura di don Mauro Pozzi parroco della Parrocchia S. Giovanni Battista, Novara.<\/p>\n","protected":false},"author":3,"featured_media":0,"comment_status":"closed","ping_status":"closed","sticky":false,"template":"","format":"standard","meta":{"_kad_post_transparent":"","_kad_post_title":"","_kad_post_layout":"","_kad_post_sidebar_id":"","_kad_post_content_style":"","_kad_post_vertical_padding":"","_kad_post_feature":"","_kad_post_feature_position":"","_kad_post_header":false,"_kad_post_footer":false,"_kad_post_classname":"","footnotes":""},"categories":[102,453],"tags":[5,388,172],"class_list":["post-233216","post","type-post","status-publish","format-standard","hentry","category-102","category-battesimo-del-signore","tag-commento-al-vangelo","tag-don-mauro-pozzi","tag-vangelo-della-domenica"],"_links":{"self":[{"href":"https:\/\/archivio.cercoiltuovolto.it\/index.php?rest_route=\/wp\/v2\/posts\/233216","targetHints":{"allow":["GET"]}}],"collection":[{"href":"https:\/\/archivio.cercoiltuovolto.it\/index.php?rest_route=\/wp\/v2\/posts"}],"about":[{"href":"https:\/\/archivio.cercoiltuovolto.it\/index.php?rest_route=\/wp\/v2\/types\/post"}],"author":[{"embeddable":true,"href":"https:\/\/archivio.cercoiltuovolto.it\/index.php?rest_route=\/wp\/v2\/users\/3"}],"replies":[{"embeddable":true,"href":"https:\/\/archivio.cercoiltuovolto.it\/index.php?rest_route=%2Fwp%2Fv2%2Fcomments&post=233216"}],"version-history":[{"count":0,"href":"https:\/\/archivio.cercoiltuovolto.it\/index.php?rest_route=\/wp\/v2\/posts\/233216\/revisions"}],"wp:attachment":[{"href":"https:\/\/archivio.cercoiltuovolto.it\/index.php?rest_route=%2Fwp%2Fv2%2Fmedia&parent=233216"}],"wp:term":[{"taxonomy":"category","embeddable":true,"href":"https:\/\/archivio.cercoiltuovolto.it\/index.php?rest_route=%2Fwp%2Fv2%2Fcategories&post=233216"},{"taxonomy":"post_tag","embeddable":true,"href":"https:\/\/archivio.cercoiltuovolto.it\/index.php?rest_route=%2Fwp%2Fv2%2Ftags&post=233216"}],"curies":[{"name":"wp","href":"https:\/\/api.w.org\/{rel}","templated":true}]}}