{"id":233214,"date":"2012-01-02T21:32:07","date_gmt":"2012-01-02T21:32:07","guid":{"rendered":"https:\/\/archivio.cercoiltuovolto.it\/?p=233214"},"modified":"2012-01-02T21:32:07","modified_gmt":"2012-01-02T21:32:07","slug":"riflessione-sul-vangelo-venerdi-06-gennaio-2012-epifania","status":"publish","type":"post","link":"https:\/\/archivio.cercoiltuovolto.it\/?p=233214","title":{"rendered":"Riflessione sul Vangelo: Venerd\u00ec 06 Gennaio 2012 Epifania"},"content":{"rendered":"<p style=\"text-align: center;\">\n<p style=\"text-align: justify;\">&#8220;<em>La Parola di Dio<\/em>&#8220;, canale YouTube del prolifico Don Mauro di <a href=\"http:\/\/www.graficapastorale.it\"><strong>graficapastorale.it<\/strong><\/a>, propone una riflessione sul brano del Vangelo di domenica prossima<strong>, Mt 2, 1-12<\/strong><strong>.<\/strong><\/p>\n<blockquote>\n<h4>Chi desidera automaticamente avere il testo delle riflessioni, mandi il proprio indirizzo email a riflessionevangelo@graficapastorale.com che lo spedir\u00e0 ogni settimana.<\/h4>\n<\/blockquote>\n<blockquote style=\"text-align: justify;\">\n<p><em><em>Dal Vangelo secondo\u00a0Matteo<\/em><\/p>\n<p>Nato Ges\u00f9 a Betlemme di Giudea, al tempo del re Erode, ecco, alcuni Magi vennero da oriente a Gerusalemme e dicevano: \u00abDov\u2019\u00e8 colui che \u00e8 nato, il re dei Giudei? Abbiamo visto spuntare la sua stella e siamo venuti ad adorarlo\u00bb. All\u2019udire questo, il re Erode rest\u00f2 turbato e con lui tutta Gerusalemme. Riuniti tutti i capi dei sacerdoti e gli scribi del popolo, si informava da loro sul luogo in cui doveva nascere il Cristo. Gli risposero: \u00abA Betlemme di Giudea, perch\u00e9 cos\u00ec \u00e8 scritto per mezzo del profeta: \u201cE tu, Betlemme, terra di Giuda, non sei davvero l\u2019ultima delle citt\u00e0 principali di Giuda: da te infatti uscir\u00e0 un capo che sar\u00e0 il pastore del mio popolo, Israele\u201d\u00bb.<br \/>Allora Erode, chiamati segretamente i Magi, si fece dire da loro con esattezza il tempo in cui era apparsa la stella e li invi\u00f2 a Betlemme dicendo: \u00abAndate e informatevi accuratamente sul bambino e, quando l\u2019avrete trovato, fatemelo sapere, perch\u00e9 anch\u2019io venga ad adorarlo\u00bb.<br \/>Udito il re, essi partirono. Ed ecco, la stella, che avevano visto spuntare, li precedeva, finch\u00e9 giunse e si ferm\u00f2 sopra il luogo dove si trovava il bambino. Al vedere la stella, provarono una gioia grandissima. Entrati nella casa, videro il bambino con Maria sua madre, si prostrarono e lo adorarono. Poi aprirono i loro scrigni e gli offrirono in dono oro, incenso e mirra. Avvertiti in sogno di non tornare da Erode, per un\u2019altra strada fecero ritorno al loro paese.<\/p>\n<p>C: Parola del Signore.<br \/>A: Lode a Te o Cristo.<\/em><\/p>\n<\/blockquote>\n<p class=\"link\"><a href=\"http:\/\/www.youtube.com\/watch?v=L5gqP0VhnJo\">Link al Video<\/a><\/p>\n","protected":false},"excerpt":{"rendered":"<p>&#8220;La Parola di Dio&#8220;, canale YouTube del prolifico Don Mauro di graficapastorale.it, propone una riflessione sul brano del Vangelo di domenica prossima, Mt 2, 1-12. Chi desidera automaticamente avere il testo delle riflessioni, mandi il proprio indirizzo email a riflessionevangelo@graficapastorale.com che lo spedir\u00e0 ogni settimana. Dal Vangelo secondo\u00a0Matteo Nato Ges\u00f9 a Betlemme di Giudea, al&#8230;<\/p>\n","protected":false},"author":3,"featured_media":0,"comment_status":"closed","ping_status":"closed","sticky":false,"template":"","format":"standard","meta":{"_kad_post_transparent":"","_kad_post_title":"","_kad_post_layout":"","_kad_post_sidebar_id":"","_kad_post_content_style":"","_kad_post_vertical_padding":"","_kad_post_feature":"","_kad_post_feature_position":"","_kad_post_header":false,"_kad_post_footer":false,"_kad_post_classname":"","footnotes":""},"categories":[102,147],"tags":[150,172,83],"class_list":["post-233214","post","type-post","status-publish","format-standard","hentry","category-102","category-commento-al-vangelo","tag-epifania","tag-vangelo-della-domenica","tag-youtube"],"_links":{"self":[{"href":"https:\/\/archivio.cercoiltuovolto.it\/index.php?rest_route=\/wp\/v2\/posts\/233214","targetHints":{"allow":["GET"]}}],"collection":[{"href":"https:\/\/archivio.cercoiltuovolto.it\/index.php?rest_route=\/wp\/v2\/posts"}],"about":[{"href":"https:\/\/archivio.cercoiltuovolto.it\/index.php?rest_route=\/wp\/v2\/types\/post"}],"author":[{"embeddable":true,"href":"https:\/\/archivio.cercoiltuovolto.it\/index.php?rest_route=\/wp\/v2\/users\/3"}],"replies":[{"embeddable":true,"href":"https:\/\/archivio.cercoiltuovolto.it\/index.php?rest_route=%2Fwp%2Fv2%2Fcomments&post=233214"}],"version-history":[{"count":0,"href":"https:\/\/archivio.cercoiltuovolto.it\/index.php?rest_route=\/wp\/v2\/posts\/233214\/revisions"}],"wp:attachment":[{"href":"https:\/\/archivio.cercoiltuovolto.it\/index.php?rest_route=%2Fwp%2Fv2%2Fmedia&parent=233214"}],"wp:term":[{"taxonomy":"category","embeddable":true,"href":"https:\/\/archivio.cercoiltuovolto.it\/index.php?rest_route=%2Fwp%2Fv2%2Fcategories&post=233214"},{"taxonomy":"post_tag","embeddable":true,"href":"https:\/\/archivio.cercoiltuovolto.it\/index.php?rest_route=%2Fwp%2Fv2%2Ftags&post=233214"}],"curies":[{"name":"wp","href":"https:\/\/api.w.org\/{rel}","templated":true}]}}