{"id":233213,"date":"2012-01-02T21:29:17","date_gmt":"2012-01-02T21:29:17","guid":{"rendered":"https:\/\/archivio.cercoiltuovolto.it\/?p=233213"},"modified":"2012-01-02T21:29:17","modified_gmt":"2012-01-02T21:29:17","slug":"video-vangelo-epifania-2012","status":"publish","type":"post","link":"https:\/\/archivio.cercoiltuovolto.it\/?p=233213","title":{"rendered":"Video Vangelo: Epifania 2012"},"content":{"rendered":"<p>Ges\u00f9 nacque a Betlemme di Giudea, al tempo del re Erode. Alcuni Magi giunsero da oriente a Gerusalemme e domandavano: \u00abDov&#8217;\u00e8 il re dei Giudei che \u00e8 nato? Abbiamo visto sorgere la sua stella, e siamo venuti per adorarlo\u00bb. All&#8217;udire queste parole, il re Erode rest\u00f2 turbato e con lui tutta Gerusalemme. Riuniti tutti i sommi sacerdoti e gli scribi del popolo, s&#8217;informava da loro sul luogo in cui doveva nascere il Messia. Gli risposero: \u00abA Betlemme di Giudea, perch\u00e9 cos\u00ec \u00e8 scritto per mezzo del profeta: E tu, Betlemme, terra di Giuda, non sei davvero il pi\u00f9 piccolo capoluogo di Giuda: da te uscir\u00e0 infatti un capo che pascer\u00e0 il mio popolo, Israele. Allora Erode, chiamati segretamente i Magi, si fece dire con esattezza da loro il tempo in cui era apparsa la stella e li invi\u00f2 a Betlemme esortandoli: \u00abAndate e informatevi accuratamente del bambino e, quando l&#8217;avrete trovato, fatemelo sapere, perch\u00e9 anch&#8217;io venga ad adorarlo\u00bb. Udite le parole del re, essi partirono. Ed ecco la stella, che avevano visto nel suo sorgere, li precedeva, finch\u00e9 giunse e si ferm\u00f2 sopra il luogo dove si trovava il bambino. Al vedere la stella, essi provarono una grandissima gioia. Entrati nella casa, videro il bambino con Maria sua madre, e prostratisi lo adorarono. Poi aprirono i loro scrigni e gli offrirono in dono oro, incenso e mirra. Avvertiti poi in sogno di non tornare da Erode, per un&#8217;altra strada fecero ritorno al loro paese.<\/p>\n<p>&nbsp;<\/p><\/p>\n","protected":false},"excerpt":{"rendered":"<p>Ges\u00f9 nacque a Betlemme di Giudea, al tempo del re Erode. Alcuni Magi giunsero da oriente a Gerusalemme e domandavano: \u00abDov&#8217;\u00e8 il re dei Giudei che \u00e8 nato? Abbiamo visto sorgere la sua stella, e siamo venuti per adorarlo\u00bb. All&#8217;udire queste parole, il re Erode rest\u00f2 turbato e con lui tutta Gerusalemme. Riuniti tutti i&#8230;<\/p>\n","protected":false},"author":3,"featured_media":0,"comment_status":"closed","ping_status":"closed","sticky":false,"template":"","format":"standard","meta":{"_kad_post_transparent":"","_kad_post_title":"","_kad_post_layout":"","_kad_post_sidebar_id":"","_kad_post_content_style":"","_kad_post_vertical_padding":"","_kad_post_feature":"","_kad_post_feature_position":"","_kad_post_header":false,"_kad_post_footer":false,"_kad_post_classname":"","footnotes":""},"categories":[102,296],"tags":[81],"class_list":["post-233213","post","type-post","status-publish","format-standard","hentry","category-102","category-epifania","tag-video-vangelo"],"_links":{"self":[{"href":"https:\/\/archivio.cercoiltuovolto.it\/index.php?rest_route=\/wp\/v2\/posts\/233213","targetHints":{"allow":["GET"]}}],"collection":[{"href":"https:\/\/archivio.cercoiltuovolto.it\/index.php?rest_route=\/wp\/v2\/posts"}],"about":[{"href":"https:\/\/archivio.cercoiltuovolto.it\/index.php?rest_route=\/wp\/v2\/types\/post"}],"author":[{"embeddable":true,"href":"https:\/\/archivio.cercoiltuovolto.it\/index.php?rest_route=\/wp\/v2\/users\/3"}],"replies":[{"embeddable":true,"href":"https:\/\/archivio.cercoiltuovolto.it\/index.php?rest_route=%2Fwp%2Fv2%2Fcomments&post=233213"}],"version-history":[{"count":0,"href":"https:\/\/archivio.cercoiltuovolto.it\/index.php?rest_route=\/wp\/v2\/posts\/233213\/revisions"}],"wp:attachment":[{"href":"https:\/\/archivio.cercoiltuovolto.it\/index.php?rest_route=%2Fwp%2Fv2%2Fmedia&parent=233213"}],"wp:term":[{"taxonomy":"category","embeddable":true,"href":"https:\/\/archivio.cercoiltuovolto.it\/index.php?rest_route=%2Fwp%2Fv2%2Fcategories&post=233213"},{"taxonomy":"post_tag","embeddable":true,"href":"https:\/\/archivio.cercoiltuovolto.it\/index.php?rest_route=%2Fwp%2Fv2%2Ftags&post=233213"}],"curies":[{"name":"wp","href":"https:\/\/api.w.org\/{rel}","templated":true}]}}