{"id":233207,"date":"2012-01-01T22:21:52","date_gmt":"2012-01-01T22:21:52","guid":{"rendered":"https:\/\/archivio.cercoiltuovolto.it\/?p=233207"},"modified":"2012-01-01T22:21:52","modified_gmt":"2012-01-01T22:21:52","slug":"benedetto-xvi-angelus-del-1-gennaio-2012-mp3","status":"publish","type":"post","link":"https:\/\/archivio.cercoiltuovolto.it\/?p=233207","title":{"rendered":"Benedetto XVI &#8211; Angelus del 1 gennaio 2012 in mp3"},"content":{"rendered":"<blockquote>\n<p style=\"text-align: center;\">\n<p align=\"left\"><em>Cari fratelli e sorelle!<\/em><\/p>\n<p style=\"text-align: justify;\" align=\"left\">Nella liturgia di questo primo giorno dell\u2019anno risuona la triplice benedizione biblica: \u00abTi benedica il Signore e ti custodisca. Il Signore faccia risplendere per te il suo volto e ti faccia grazia. Il Signore rivolga a te il suo volto e ti conceda pace\u00bb (<em>Nm\u00a0<\/em>6,24-26). Il volto di Dio noi lo possiamo contemplare, si \u00e8 fatto visibile, si \u00e8 rivelato in Ges\u00f9: Egli \u00e8 l\u2019immagine visibile del Dio invisibile. E questo grazie anche alla Vergine Maria, della quale oggi celebriamo il titolo pi\u00f9 grande, quello con cui partecipa in modo unico alla storia della salvezza: essere Madre di Dio. Nel suo grembo il Figlio dell\u2019Altissimo ha assunto la nostra carne, e noi possiamo contemplare la sua gloria (cfr\u00a0<em>Gv\u00a0<\/em>1,14), sentire la sua presenza di Dio-con-noi.<\/p>\n<ul>\n<li><a href=\"http:\/\/www.vatican.va\/holy_father\/benedict_xvi\/angelus\/2012\/documents\/hf_ben-xvi_ang_20120101_world-day-peace_it.html\">Leggi tutto il messaggio<\/a> <em>\u00a9 Copyright 2011 &#8211; Libreria Editrice Vaticana<\/em><\/li>\n<li><em><a href=\"http:\/\/player.rv.va\/vaticanplayer.asp?language=it&amp;tic=VA_ZP4HZHNK\">Link al video<\/a><\/em><\/li>\n<\/ul>\n<\/blockquote>\n<div class=\"powerpressbox\">[powerpress]<\/div>\n<p style=\"text-align: justify;\"><strong>Fonte<\/strong>: Radio Vaticana via FeedRss<\/p>\n<blockquote>\n<p style=\"text-align: justify;\"><span style=\"font-size: xx-small;\"><em>(The content of this podcast is copyrighted by Vatican Radio which, according to its statute, is entrusted to manage and protect the sound recordings of the Roman Pontiff, ensuring that their pastoral character and intellectual property&#8217;s rights are protected when used by third parties. The content of this podcast is made available only for personal and private use and cannot be exploited for commercial purposes, without prior written authorization by Vatican Radio. For further information, please contact the International Relation Office at relint@vatiradio.va)<\/em><\/span><\/p>\n<\/blockquote>\n","protected":false},"excerpt":{"rendered":"<p>Cari fratelli e sorelle! Nella liturgia di questo primo giorno dell\u2019anno risuona la triplice benedizione biblica: \u00abTi benedica il Signore e ti custodisca. Il Signore faccia risplendere per te il suo volto e ti faccia grazia. Il Signore rivolga a te il suo volto e ti conceda pace\u00bb (Nm\u00a06,24-26). Il volto di Dio noi lo&#8230;<\/p>\n","protected":false},"author":3,"featured_media":0,"comment_status":"closed","ping_status":"closed","sticky":false,"template":"","format":"standard","meta":{"_kad_post_transparent":"","_kad_post_title":"","_kad_post_layout":"","_kad_post_sidebar_id":"","_kad_post_content_style":"","_kad_post_vertical_padding":"","_kad_post_feature":"","_kad_post_feature_position":"","_kad_post_header":false,"_kad_post_footer":false,"_kad_post_classname":"","footnotes":""},"categories":[102,114],"tags":[73,195,9],"class_list":["post-233207","post","type-post","status-publish","format-standard","hentry","category-102","category-angelus","tag-benedetto-xvi","tag-maria","tag-vaticano"],"_links":{"self":[{"href":"https:\/\/archivio.cercoiltuovolto.it\/index.php?rest_route=\/wp\/v2\/posts\/233207","targetHints":{"allow":["GET"]}}],"collection":[{"href":"https:\/\/archivio.cercoiltuovolto.it\/index.php?rest_route=\/wp\/v2\/posts"}],"about":[{"href":"https:\/\/archivio.cercoiltuovolto.it\/index.php?rest_route=\/wp\/v2\/types\/post"}],"author":[{"embeddable":true,"href":"https:\/\/archivio.cercoiltuovolto.it\/index.php?rest_route=\/wp\/v2\/users\/3"}],"replies":[{"embeddable":true,"href":"https:\/\/archivio.cercoiltuovolto.it\/index.php?rest_route=%2Fwp%2Fv2%2Fcomments&post=233207"}],"version-history":[{"count":0,"href":"https:\/\/archivio.cercoiltuovolto.it\/index.php?rest_route=\/wp\/v2\/posts\/233207\/revisions"}],"wp:attachment":[{"href":"https:\/\/archivio.cercoiltuovolto.it\/index.php?rest_route=%2Fwp%2Fv2%2Fmedia&parent=233207"}],"wp:term":[{"taxonomy":"category","embeddable":true,"href":"https:\/\/archivio.cercoiltuovolto.it\/index.php?rest_route=%2Fwp%2Fv2%2Fcategories&post=233207"},{"taxonomy":"post_tag","embeddable":true,"href":"https:\/\/archivio.cercoiltuovolto.it\/index.php?rest_route=%2Fwp%2Fv2%2Ftags&post=233207"}],"curies":[{"name":"wp","href":"https:\/\/api.w.org\/{rel}","templated":true}]}}