{"id":233158,"date":"2011-12-18T12:30:49","date_gmt":"2011-12-18T12:30:49","guid":{"rendered":"https:\/\/archivio.cercoiltuovolto.it\/?p=233158"},"modified":"2011-12-18T12:30:49","modified_gmt":"2011-12-18T12:30:49","slug":"commento-al-vangelo-di-domenica-25-dicembre-2011-alberto-maggi","status":"publish","type":"post","link":"https:\/\/archivio.cercoiltuovolto.it\/?p=233158","title":{"rendered":"Commento al Vangelo di domenica 25 dicembre 2011 &#8211; Alberto Maggi"},"content":{"rendered":"<p style=\"text-align: center;\">\n<p>Padre Alberto Maggi commenta il Vangelo di domenica prossima, Natale del Signore (www.studibiblici.it).<\/p>\n<blockquote style=\"text-align: justify;\">\n<p><em><em>Lc 2, 1-14<\/em><br \/><em>Dal Vangelo secondo\u00a0Luca<\/em><\/p>\n<p>In quei giorni un decreto di Cesare Augusto ordin\u00f2 che si facesse il censimento di tutta la terra. Questo primo censimento fu fatto quando Quirinio era governatore della Siria. Tutti andavano a farsi censire, ciascuno nella propria citt\u00e0.<br \/>Anche Giuseppe, dalla Galilea, dalla citt\u00e0 di N\u00e0zaret, sal\u00ec in Giudea alla citt\u00e0 di Davide chiamata Betlemme: egli apparteneva infatti alla casa e alla famiglia di Davide. Doveva farsi censire insieme a Maria, sua sposa, che era incinta.<br \/>Mentre si trovavano in quel luogo, si compirono per lei i giorni del parto. Diede alla luce il suo figlio primogenito, lo avvolse in fasce e lo pose in una mangiatoia, perch\u00e9 per loro non c\u2019era posto nell\u2019alloggio.<br \/>C\u2019erano in quella regione alcuni pastori che, pernottando all\u2019aperto, vegliavano tutta la notte facendo la guardia al loro gregge. Un angelo del Signore si present\u00f2 a loro e la gloria del Signore li avvolse di luce. Essi furono presi da grande timore, ma l\u2019angelo disse loro: \u00abNon temete: ecco, vi annuncio una grande gioia, che sar\u00e0 di tutto il popolo: oggi, nella citt\u00e0 di Davide, \u00e8 nato per voi un Salvatore, che \u00e8 Cristo Signore. Questo per voi il segno: troverete un bambino avvolto in fasce, adagiato in una mangiatoia\u00bb.<br \/>E subito apparve con l\u2019angelo una moltitudine dell\u2019esercito celeste, che lodava Dio e diceva:<br \/>\u00abGloria a Dio nel pi\u00f9 alto dei cieli<br \/>e sulla terra pace agli uomini, che egli ama\u00bb.<\/p>\n<p>C: Parola del Signore.<br \/>A: Lode a Te o Cristo.<br \/><\/em><\/p>\n<\/blockquote>\n<p class=\"link\" style=\"text-align: left;\"><a href=\"http:\/\/youtu.be\/Rx6Y78UIj84\">Link al Video<\/a><\/p>\n","protected":false},"excerpt":{"rendered":"<p>Padre Alberto Maggi commenta il Vangelo di domenica prossima, Natale del Signore (www.studibiblici.it).<\/p>\n","protected":false},"author":3,"featured_media":0,"comment_status":"closed","ping_status":"closed","sticky":false,"template":"","format":"standard","meta":{"_kad_post_transparent":"","_kad_post_title":"","_kad_post_layout":"","_kad_post_sidebar_id":"","_kad_post_content_style":"","_kad_post_vertical_padding":"","_kad_post_feature":"","_kad_post_feature_position":"","_kad_post_header":false,"_kad_post_footer":false,"_kad_post_classname":"","footnotes":""},"categories":[101,217],"tags":[5,141,172],"class_list":["post-233158","post","type-post","status-publish","format-standard","hentry","category-101","category-alberto-maggi","tag-commento-al-vangelo","tag-tempo-di-natale","tag-vangelo-della-domenica"],"_links":{"self":[{"href":"https:\/\/archivio.cercoiltuovolto.it\/index.php?rest_route=\/wp\/v2\/posts\/233158","targetHints":{"allow":["GET"]}}],"collection":[{"href":"https:\/\/archivio.cercoiltuovolto.it\/index.php?rest_route=\/wp\/v2\/posts"}],"about":[{"href":"https:\/\/archivio.cercoiltuovolto.it\/index.php?rest_route=\/wp\/v2\/types\/post"}],"author":[{"embeddable":true,"href":"https:\/\/archivio.cercoiltuovolto.it\/index.php?rest_route=\/wp\/v2\/users\/3"}],"replies":[{"embeddable":true,"href":"https:\/\/archivio.cercoiltuovolto.it\/index.php?rest_route=%2Fwp%2Fv2%2Fcomments&post=233158"}],"version-history":[{"count":0,"href":"https:\/\/archivio.cercoiltuovolto.it\/index.php?rest_route=\/wp\/v2\/posts\/233158\/revisions"}],"wp:attachment":[{"href":"https:\/\/archivio.cercoiltuovolto.it\/index.php?rest_route=%2Fwp%2Fv2%2Fmedia&parent=233158"}],"wp:term":[{"taxonomy":"category","embeddable":true,"href":"https:\/\/archivio.cercoiltuovolto.it\/index.php?rest_route=%2Fwp%2Fv2%2Fcategories&post=233158"},{"taxonomy":"post_tag","embeddable":true,"href":"https:\/\/archivio.cercoiltuovolto.it\/index.php?rest_route=%2Fwp%2Fv2%2Ftags&post=233158"}],"curies":[{"name":"wp","href":"https:\/\/api.w.org\/{rel}","templated":true}]}}