{"id":233152,"date":"2011-12-15T06:10:12","date_gmt":"2011-12-15T06:10:12","guid":{"rendered":"https:\/\/archivio.cercoiltuovolto.it\/?p=233152"},"modified":"2011-12-15T06:10:12","modified_gmt":"2011-12-15T06:10:12","slug":"commento-al-vangelo-del-18-dicembre-2011-don-mauro-pozzi","status":"publish","type":"post","link":"https:\/\/archivio.cercoiltuovolto.it\/?p=233152","title":{"rendered":"Commento al Vangelo del 18 dicembre 2011 &#8211; don Mauro Pozzi"},"content":{"rendered":"<p style=\"text-align: justify;\">Il commento al Vangelo della domenica a cura di don Mauro Pozzi parroco della Parrocchia S. Giovanni Battista, Novara.<\/p>\n<blockquote>\n<p style=\"text-align: justify;\">ECCOMI<\/p>\n<p style=\"text-align: justify;\">Davide \u00e8 una figura gigantesca dell\u2019Antico Testamento. Secondo re d\u2019Israele fu consacrato ancora ragazzo, comp\u00ec imprese grandiose, dall\u2019uccisione del gigante Golia alle innumerevoli guerre e conquiste. Anche come peccatore fu grande, ma seppe sempre riconoscere le sue colpe e umiliarsi davanti a Dio. Il suo regno cominci\u00f2 in clandestinit\u00e0, perch\u00e9 fu scelto al posto di Saul che era ancora vivo e che cerc\u00f2 di eliminarlo con ogni mezzo, ma Davide seppe resistere, anche alla tentazione di uccidere il suo rivale, e alla fine prevalse. Fiss\u00f2 la sua capitale a Gerusalemme, citt\u00e0 che conquist\u00f2 con una operazione militare straordinaria, dove si costru\u00ec un palazzo degno della sua regalit\u00e0. Non sembrava giusto al re che l\u2019Arca dell\u2019alleanza fosse ancora sotto una tenda e voleva perci\u00f2 edificare un tempio per ospitarla, ma il Signore, per mezzo del profeta Natan, cambi\u00f2 i suoi progetti. Non \u00e8 l\u2019uomo a costruire una casa a Dio, ma \u00e8 piuttosto il contrario; \u00e8 da Lui che viene gratuitamente la salvezza, non sono gli uomini a meritarsela. Il trono di Davide non sarebbe mai venuto meno perch\u00e9 al suo posto avrebbe regnato un suo discendente: il Messia. Questa promessa si \u00e8 compiuta mille anni dopo, come ci racconta l\u2019evangelista Luca. Maria \u00e8 il vero tempio, la vera arca, dimora della divinit\u00e0 sulla terra. Quando l\u2019angelo va da lei \u00e8 solo una ragazza meno che ventenne, ma \u00e8 gi\u00e0 piena di grazia. Pochi giorni fa abbiamo ricordato la sua immacolata concezione, cio\u00e8 il fatto che \u00e8 nata senza la macchia del peccato originale. Ci\u00f2 significa che da sempre \u00e8 completamente consacrata a Dio, senza compromessi. Questo \u00e8 il vero significato della sua verginit\u00e0: ancor pi\u00f9 che una caratteristica fisica, \u00e8 il segno di una dedizione totale. Maria \u00e8 assolutamente trasparente, la Luce pu\u00f2 raggiungerla e risplendere dentro di lei senza essere minimamente offuscata dall\u2019ombra del peccato. Come tutte le creature \u00e8 libera davanti al piano dell\u2019Altissimo. La Vergine \u00e8 chiamata anche la nuova Eva, perch\u00e9 come la progenitrice deve scegliere e lo fa pronunciando il suo Eccomi. La prima donna scegliendo il male \u00e8 diventata la madre della morte, Maria accogliendo il Bene diviene la madre della Vita e della chiesa. La chiesa infatti con il battesimo libera dal peccato originale e dalla morte, generando cos\u00ec la nuova umanit\u00e0 salvata. Da sempre l\u2019uomo ha il desiderio di essere grande e cerca di farlo disastrosamente con le sue forze. Il Signore ci offre in Maria la realizzazione di questa aspirazione: anche noi dobbiamo dire il nostro eccomi, perch\u00e9 la Luce possa arrivare ancora nel mondo attraverso di noi. \u00c8 questa disponibilit\u00e0 che rende grandi.<\/p>\n<\/blockquote>\n<p><a href=\"http:\/\/www.youtube.com\/watch?v=l76Av4rUV4o\">Link al video<\/a><\/p>\n<p>Lc 1, 26-38<\/p>\n<p style=\"text-align: justify;\">In quel tempo, l\u2019angelo Gabriele fu mandato da Dio in una citt\u00e0 della Galilea, chiamata N\u00e0zaret, a una vergine, promessa sposa di un uomo della casa di Davide, di nome Giuseppe. La vergine si chiamava Maria. Entrando da lei, disse: \u00abRall\u00e8grati, piena di grazia: il Signore \u00e8 con te\u00bb. A queste parole ella fu molto turbata e si domandava che senso avesse un saluto come questo. L\u2019angelo le disse: \u00abNon temere, Maria, perch\u00e9 hai trovato grazia presso Dio. Ed ecco, concepirai un figlio, lo darai alla luce e lo chiamerai Ges\u00f9. Sar\u00e0 grande e verr\u00e0 chiamato Figlio dell\u2019Altissimo; il Signore Dio gli dar\u00e0 il trono di Davide suo padre e regner\u00e0 per sempre sulla casa di Giacobbe e il suo regno non avr\u00e0 fine\u00bb. Allora Maria disse all\u2019angelo: \u00abCome avverr\u00e0 questo, poich\u00e9 non conosco uomo?\u00bb. Le rispose l\u2019angelo: \u00abLo Spirito Santo scender\u00e0 su di te e la potenza dell\u2019Altissimo ti coprir\u00e0 con la sua ombra. Perci\u00f2 colui che nascer\u00e0 sar\u00e0 santo e sar\u00e0 chiamato Figlio di Dio. Ed ecco, Elisabetta, tua parente, nella sua vecchiaia ha concepito anch\u2019essa un figlio e questo \u00e8 il sesto mese per lei, che era detta sterile: nulla \u00e8 impossibile a Dio\u00bb. Allora Maria disse: \u00abEccomi, sono la serva del Signore: avvenga per me secondo la tua parola\u00bb. E l\u2019angelo si allontan\u00f2 da lei.<\/p>\n","protected":false},"excerpt":{"rendered":"<p>Il commento al Vangelo della domenica a cura di don Mauro Pozzi parroco della Parrocchia S. Giovanni Battista, Novara.<\/p>\n","protected":false},"author":3,"featured_media":0,"comment_status":"closed","ping_status":"closed","sticky":false,"template":"","format":"standard","meta":{"_kad_post_transparent":"","_kad_post_title":"","_kad_post_layout":"","_kad_post_sidebar_id":"","_kad_post_content_style":"","_kad_post_vertical_padding":"","_kad_post_feature":"","_kad_post_feature_position":"","_kad_post_header":false,"_kad_post_footer":false,"_kad_post_classname":"","footnotes":""},"categories":[101,112],"tags":[5,388,172],"class_list":["post-233152","post","type-post","status-publish","format-standard","hentry","category-101","category-avvento","tag-commento-al-vangelo","tag-don-mauro-pozzi","tag-vangelo-della-domenica"],"_links":{"self":[{"href":"https:\/\/archivio.cercoiltuovolto.it\/index.php?rest_route=\/wp\/v2\/posts\/233152","targetHints":{"allow":["GET"]}}],"collection":[{"href":"https:\/\/archivio.cercoiltuovolto.it\/index.php?rest_route=\/wp\/v2\/posts"}],"about":[{"href":"https:\/\/archivio.cercoiltuovolto.it\/index.php?rest_route=\/wp\/v2\/types\/post"}],"author":[{"embeddable":true,"href":"https:\/\/archivio.cercoiltuovolto.it\/index.php?rest_route=\/wp\/v2\/users\/3"}],"replies":[{"embeddable":true,"href":"https:\/\/archivio.cercoiltuovolto.it\/index.php?rest_route=%2Fwp%2Fv2%2Fcomments&post=233152"}],"version-history":[{"count":0,"href":"https:\/\/archivio.cercoiltuovolto.it\/index.php?rest_route=\/wp\/v2\/posts\/233152\/revisions"}],"wp:attachment":[{"href":"https:\/\/archivio.cercoiltuovolto.it\/index.php?rest_route=%2Fwp%2Fv2%2Fmedia&parent=233152"}],"wp:term":[{"taxonomy":"category","embeddable":true,"href":"https:\/\/archivio.cercoiltuovolto.it\/index.php?rest_route=%2Fwp%2Fv2%2Fcategories&post=233152"},{"taxonomy":"post_tag","embeddable":true,"href":"https:\/\/archivio.cercoiltuovolto.it\/index.php?rest_route=%2Fwp%2Fv2%2Ftags&post=233152"}],"curies":[{"name":"wp","href":"https:\/\/api.w.org\/{rel}","templated":true}]}}