{"id":233143,"date":"2011-12-13T10:34:03","date_gmt":"2011-12-13T10:34:03","guid":{"rendered":"https:\/\/archivio.cercoiltuovolto.it\/?p=233143"},"modified":"2011-12-13T10:34:03","modified_gmt":"2011-12-13T10:34:03","slug":"mons-gianfranco-ravasi-le-frontiere-dello-spirito-del-11-dicembre-2011","status":"publish","type":"post","link":"https:\/\/archivio.cercoiltuovolto.it\/?p=233143","title":{"rendered":"mons. Gianfranco Ravasi &#8211; Le Frontiere dello Spirito del 11 dicembre 2011"},"content":{"rendered":"<div style=\"text-align: center;\"><a href=\"http:\/\/www.video.mediaset.it\/video\/frontiere_dello_spirito\/full\/213693\/puntata-del-6-marzo.html\"><img loading=\"lazy\" decoding=\"async\" class=\"aligncenter size-large wp-image-16675\" title=\"ravasi\" src=\"http:\/\/www.cercoiltuovolto.it\/wp-content\/uploads\/2011\/01\/ravasi-600x331.jpg\" alt=\"\" width=\"600\" height=\"331\" \/><\/a><\/div>\n<p>Domenica 11 dicembre 2011, terza domenica di Avvento, alle ore 8.50, nuovo appuntamento con &#8220;Le Frontiere dello Spirito&#8221;, la rubrica religiosa scritta e condotta da Maria Cecilia Sangiorgi e dal cardinale Gianfranco Ravasi.<\/p>\n<p id=\"FamigliaCristiana_FrontEnd_102438_ctl00_paragraphsReader_repParagraphs_ctl00_pParagrafo\" style=\"text-align: justify;\">Nella prima parte della trasmissione, Ravasi commenta un brano tratto dal Libro dei Salmi, che costituisce per i Cristiani una vera e propria raccolta di preghiere dal grande valore spirituale.\u00a0<\/p>\n<blockquote>\n<p style=\"text-align: justify;\"><strong>\u201cL\u2019anima mia magnifica il Signore e il mio spirito esulta in Dio, mio salvatore, perch\u00e9 ha guardato l\u2019umilt\u00e0 della sua serva.\u201d<\/strong><\/p>\n<\/blockquote>\n<p style=\"text-align: justify;\"><strong><\/strong>Questi versetti fanno parte del Magnificat, che \u00e8 un cantico contenuto nel primo capitolo del Vangelo secondo Luca con il quale Maria loda e ringrazia Dio perch\u00e9 si \u00e8 benignamente degnato di liberare il suo popolo. Per questo \u00e8 conosciuto anche come cantico di Maria.<\/p>\n<div style=\"text-align: justify;\">Nella seconda parte del programma, curata da Maria Cecilia Sangiorgi, ospite della Redazione di Frontiere,\u00a0<strong>\u00e8 Paolo Rumiz, scrittore, giornalista e grande viaggiatore. Presenter\u00e0 il suo ultimo libro,\u201d<a href=\"http:\/\/www.ibs.it\/code\/9788807018350\/rumiz-paolo\/bene-ostinato.html?shop=3462\" target=\"_blank\">Il bene ostinato<\/a>\u201d, frutto dell\u2019incontro tra Medici con l&#8217;Africa Cuamm (Collegio Universitario Aspiranti e Medici Missionari)\u00a0<\/strong>che rivendicano, dal 1950 , il diritto fondamentale alla salute e l&#8217;accesso ai servizi sanitari. Il Cuamm oggi \u00e8 presente in sette paesi: Angola, Etiopia, Kenya, Mozambico, Sudan, Tanzania e Uganda.<\/div>\n<p class=\"video-link\" style=\"text-align: justify;\"><a href=\"http:\/\/www.video.mediaset.it\/video\/frontiere_dello_spirito\/full\/267815\/puntata-dell11-dicembre.html\">Guarda il video sul sito Mediaset<\/a><\/p>\n","protected":false},"excerpt":{"rendered":"<p>Domenica 11 dicembre 2011, terza domenica di Avvento, alle ore 8.50, nuovo appuntamento con &#8220;Le Frontiere dello Spirito&#8221;, la rubrica religiosa scritta e condotta da Maria Cecilia Sangiorgi e dal cardinale Gianfranco Ravasi. Nella prima parte della trasmissione, Ravasi commenta un brano tratto dal Libro dei Salmi, che costituisce per i Cristiani una vera e&#8230;<\/p>\n","protected":false},"author":3,"featured_media":0,"comment_status":"closed","ping_status":"closed","sticky":false,"template":"","format":"standard","meta":{"_kad_post_transparent":"","_kad_post_title":"","_kad_post_layout":"","_kad_post_sidebar_id":"","_kad_post_content_style":"","_kad_post_vertical_padding":"","_kad_post_feature":"","_kad_post_feature_position":"","_kad_post_header":false,"_kad_post_footer":false,"_kad_post_classname":"","footnotes":""},"categories":[101,112],"tags":[23,525,24],"class_list":["post-233143","post","type-post","status-publish","format-standard","hentry","category-101","category-avvento","tag-bibbia","tag-libro-dei-salmi","tag-televisione"],"_links":{"self":[{"href":"https:\/\/archivio.cercoiltuovolto.it\/index.php?rest_route=\/wp\/v2\/posts\/233143","targetHints":{"allow":["GET"]}}],"collection":[{"href":"https:\/\/archivio.cercoiltuovolto.it\/index.php?rest_route=\/wp\/v2\/posts"}],"about":[{"href":"https:\/\/archivio.cercoiltuovolto.it\/index.php?rest_route=\/wp\/v2\/types\/post"}],"author":[{"embeddable":true,"href":"https:\/\/archivio.cercoiltuovolto.it\/index.php?rest_route=\/wp\/v2\/users\/3"}],"replies":[{"embeddable":true,"href":"https:\/\/archivio.cercoiltuovolto.it\/index.php?rest_route=%2Fwp%2Fv2%2Fcomments&post=233143"}],"version-history":[{"count":0,"href":"https:\/\/archivio.cercoiltuovolto.it\/index.php?rest_route=\/wp\/v2\/posts\/233143\/revisions"}],"wp:attachment":[{"href":"https:\/\/archivio.cercoiltuovolto.it\/index.php?rest_route=%2Fwp%2Fv2%2Fmedia&parent=233143"}],"wp:term":[{"taxonomy":"category","embeddable":true,"href":"https:\/\/archivio.cercoiltuovolto.it\/index.php?rest_route=%2Fwp%2Fv2%2Fcategories&post=233143"},{"taxonomy":"post_tag","embeddable":true,"href":"https:\/\/archivio.cercoiltuovolto.it\/index.php?rest_route=%2Fwp%2Fv2%2Ftags&post=233143"}],"curies":[{"name":"wp","href":"https:\/\/api.w.org\/{rel}","templated":true}]}}