{"id":233128,"date":"2011-12-10T16:13:55","date_gmt":"2011-12-10T16:13:55","guid":{"rendered":"https:\/\/archivio.cercoiltuovolto.it\/?p=233128"},"modified":"2011-12-10T16:13:55","modified_gmt":"2011-12-10T16:13:55","slug":"commento-al-vangelo-di-domenica-11-dicembre-2011-padre-bruno-secondin","status":"publish","type":"post","link":"https:\/\/archivio.cercoiltuovolto.it\/?p=233128","title":{"rendered":"Commento al Vangelo di domenica 11 dicembre 2011 &#8211; padre Bruno Secondin"},"content":{"rendered":"<p style=\"text-align: center;\"><img loading=\"lazy\" decoding=\"async\" class=\"aligncenter size-full wp-image-14846\" title=\"padre carmelitano Bruno Secondin\" src=\"http:\/\/www.cercoiltuovolto.it\/wp\/wp-content\/uploads\/2010\/11\/secondin.png\" alt=\"\" width=\"412\" height=\"132\" \/><\/p>\n<p style=\"text-align: justify;\">In questa terza Domenica di Avvento la Liturgia ci ripropone la figura di Giovanni Battista che viene interrogato dagli inviati dei giudei sulla sua identit\u00e0. Si vuole sapere se sia il Cristo o un altro profeta; e se non \u00e8 cos\u00ec \u2013 domandano \u2013 perch\u00e9 battezza? Giovanni risponde:<\/p>\n<blockquote>\n<p style=\"text-align: justify;\">\u00abIo battezzo nell\u2019acqua. In mezzo a voi sta uno che voi non conoscete, colui che viene dopo di me: a lui io non sono degno di slegare il laccio del sandalo\u00bb.<\/p>\n<\/blockquote>\n<p>Su questo brano del Vangelo, ascoltiamo il commento del carmelitano, padre Bruno Secondin, docente di Teologia spirituale alla Pontificia Universit\u00e0 Gregoriana:<\/p>\n<blockquote>\n<p style=\"text-align: justify;\"><em>Ancora Giovanni il Battezzatore sulla scena: questa volta \u00e8 l\u2019evangelista Giovanni a parlarcene, rivelando dettagli molto interessanti sulla sua esperienza e missione. Il luogo della sua attivit\u00e0, la coscienza di essere solo strumento e voce per rivelare una presenza che c\u2019\u00e8 gi\u00e0 \u201cin mezzo\u201d, ma non lo si vede. Nella prima parte un interrogatorio poliziesco. Da Gerusalemme giungono in riva al Giordano sacerdoti e leviti a controllare cosa succede attorno a questo predicatore che tutti vogliono vedere. Il suo modo di fare &#8211; rito di immersione nell\u2019acqua del fiume &#8211; ha tutta la parvenza di una purificazione rituale, di solito riservata agli ambienti del Tempio. Chi lo ha autorizzato a farlo altrove, fuori dai luoghi deputati? Si crede forse un profeta, Elia, il Messia? Giovanni nega, seccato, non vuole questi titoli per s\u00e9. Lui \u00e8 solo una voce prestata a Dio, un grido che dal deserto giunge fino al centro, ma per spostare tutti altrove, verso altre figure. Nella seconda parte, qui appena accennata nella frase conclusiva, il Battista rivela la propria indegnit\u00e0 davanti al Veniente &#8211; non si sente degno neppure si slacciargli il sandalo. E quindi hanno sbagliato a inquisire lui: c\u2019\u00e8 ben altro in mezzo alla gente, che si riveler\u00e0 presto come portatore di novit\u00e0 e di fuoco. \u00c8, nello stesso tempo, mite come un agnello e abitato dallo Spirito. Invece di accogliere e gioire per la vera novit\u00e0, pensano solo a controllare con sospetto. Che meschini!<\/em><\/p>\n<\/blockquote>\n<p class=\"link\" style=\"text-align: justify;\">Fonte: <a href=\"http:\/\/www.radiovaticana.org\/IT1\/articolo.asp?c=545083\" target=\"_blank\">RadioVaticana<\/a><\/p>\n<div class=\"powerpressbox\">[powerpress]<\/div>\n","protected":false},"excerpt":{"rendered":"<p>In questa terza Domenica di Avvento la Liturgia ci ripropone la figura di Giovanni Battista che viene interrogato dagli inviati dei giudei sulla sua identit\u00e0. Si vuole sapere se sia il Cristo o un altro profeta; e se non \u00e8 cos\u00ec \u2013 domandano \u2013 perch\u00e9 battezza? Giovanni risponde: \u00abIo battezzo nell\u2019acqua. In mezzo a voi&#8230;<\/p>\n","protected":false},"author":3,"featured_media":0,"comment_status":"closed","ping_status":"closed","sticky":false,"template":"","format":"standard","meta":{"_kad_post_transparent":"","_kad_post_title":"","_kad_post_layout":"","_kad_post_sidebar_id":"","_kad_post_content_style":"","_kad_post_vertical_padding":"","_kad_post_feature":"","_kad_post_feature_position":"","_kad_post_header":false,"_kad_post_footer":false,"_kad_post_classname":"","footnotes":""},"categories":[101,112],"tags":[5,27,172],"class_list":["post-233128","post","type-post","status-publish","format-standard","hentry","category-101","category-avvento","tag-commento-al-vangelo","tag-radio-vaticana","tag-vangelo-della-domenica"],"_links":{"self":[{"href":"https:\/\/archivio.cercoiltuovolto.it\/index.php?rest_route=\/wp\/v2\/posts\/233128","targetHints":{"allow":["GET"]}}],"collection":[{"href":"https:\/\/archivio.cercoiltuovolto.it\/index.php?rest_route=\/wp\/v2\/posts"}],"about":[{"href":"https:\/\/archivio.cercoiltuovolto.it\/index.php?rest_route=\/wp\/v2\/types\/post"}],"author":[{"embeddable":true,"href":"https:\/\/archivio.cercoiltuovolto.it\/index.php?rest_route=\/wp\/v2\/users\/3"}],"replies":[{"embeddable":true,"href":"https:\/\/archivio.cercoiltuovolto.it\/index.php?rest_route=%2Fwp%2Fv2%2Fcomments&post=233128"}],"version-history":[{"count":0,"href":"https:\/\/archivio.cercoiltuovolto.it\/index.php?rest_route=\/wp\/v2\/posts\/233128\/revisions"}],"wp:attachment":[{"href":"https:\/\/archivio.cercoiltuovolto.it\/index.php?rest_route=%2Fwp%2Fv2%2Fmedia&parent=233128"}],"wp:term":[{"taxonomy":"category","embeddable":true,"href":"https:\/\/archivio.cercoiltuovolto.it\/index.php?rest_route=%2Fwp%2Fv2%2Fcategories&post=233128"},{"taxonomy":"post_tag","embeddable":true,"href":"https:\/\/archivio.cercoiltuovolto.it\/index.php?rest_route=%2Fwp%2Fv2%2Ftags&post=233128"}],"curies":[{"name":"wp","href":"https:\/\/api.w.org\/{rel}","templated":true}]}}