{"id":233126,"date":"2011-12-10T09:34:11","date_gmt":"2011-12-10T09:34:11","guid":{"rendered":"https:\/\/archivio.cercoiltuovolto.it\/?p=233126"},"modified":"2011-12-10T09:34:11","modified_gmt":"2011-12-10T09:34:11","slug":"video-vangelo-iii-avvento-b-11-dicembre-2011","status":"publish","type":"post","link":"https:\/\/archivio.cercoiltuovolto.it\/?p=233126","title":{"rendered":"Video Vangelo: III Avvento B 11 dicembre 2011"},"content":{"rendered":"<p><span class=\"Apple-style-span\" style=\"color: #333333; font-family: arial, sans-serif; line-height: 18px;\">Venne un uomo mandato da Dio e il suo nome era Giovanni.\u00a0<\/span><br style=\"color: #333333; font-family: arial, sans-serif; line-height: 18px; text-align: left;\" \/><span class=\"Apple-style-span\" style=\"color: #333333; font-family: arial, sans-serif; line-height: 18px; text-align: left;\">Egli venne come testimone per rendere testimonianza alla luce, perch\u00e9 tutti credessero per mezzo di lui.\u00a0<\/span><br style=\"color: #333333; font-family: arial, sans-serif; line-height: 18px; text-align: left;\" \/><span class=\"Apple-style-span\" style=\"color: #333333; font-family: arial, sans-serif; line-height: 18px; text-align: left;\">Egli non era la luce, ma doveva render testimonianza alla luce.\u00a0<\/span><br style=\"color: #333333; font-family: arial, sans-serif; line-height: 18px; text-align: left;\" \/><span class=\"Apple-style-span\" style=\"color: #333333; font-family: arial, sans-serif; line-height: 18px; text-align: left;\">E questa \u00e8 la testimonianza di Giovanni, quando i Giudei gli inviarono da Gerusalemme sacerdoti e leviti a interrogarlo: \u00abChi sei tu?\u00bb.\u00a0<\/span><br style=\"color: #333333; font-family: arial, sans-serif; line-height: 18px; text-align: left;\" \/><span class=\"Apple-style-span\" style=\"color: #333333; font-family: arial, sans-serif; line-height: 18px; text-align: left;\">Egli confess\u00f2 e non neg\u00f2, e confess\u00f2: \u00abIo non sono il Cristo\u00bb.\u00a0<\/span><br style=\"color: #333333; font-family: arial, sans-serif; line-height: 18px; text-align: left;\" \/><span class=\"Apple-style-span\" style=\"color: #333333; font-family: arial, sans-serif; line-height: 18px; text-align: left;\">Allora gli chiesero: \u00abChe cosa dunque? Sei Elia?\u00bb. Rispose: \u00abNon lo sono\u00bb. \u00abSei tu il profeta?\u00bb. Rispose: \u00abNo\u00bb.\u00a0<\/span><br style=\"color: #333333; font-family: arial, sans-serif; line-height: 18px; text-align: left;\" \/><span class=\"Apple-style-span\" style=\"color: #333333; font-family: arial, sans-serif; line-height: 18px; text-align: left;\">Gli dissero dunque: \u00abChi sei? Perch\u00e9 possiamo dare una risposta a coloro che ci hanno mandato. Che cosa dici di te stesso?\u00bb.\u00a0<\/span><br style=\"color: #333333; font-family: arial, sans-serif; line-height: 18px; text-align: left;\" \/><span class=\"Apple-style-span\" style=\"color: #333333; font-family: arial, sans-serif; line-height: 18px; text-align: left;\">Rispose: \u00abIo sono voce di uno che grida nel deserto: Preparate la via del Signore, come disse il profeta Isaia\u00bb.\u00a0<\/span><br style=\"color: #333333; font-family: arial, sans-serif; line-height: 18px; text-align: left;\" \/><span class=\"Apple-style-span\" style=\"color: #333333; font-family: arial, sans-serif; line-height: 18px; text-align: left;\">Essi erano stati mandati da parte dei farisei.\u00a0<\/span><br style=\"color: #333333; font-family: arial, sans-serif; line-height: 18px; text-align: left;\" \/><span class=\"Apple-style-span\" style=\"color: #333333; font-family: arial, sans-serif; line-height: 18px; text-align: left;\">Lo interrogarono e gli dissero: \u00abPerch\u00e9 dunque battezzi se tu non sei il Cristo, n\u00e9 Elia, n\u00e9 il profeta?\u00bb.\u00a0<\/span><br style=\"color: #333333; font-family: arial, sans-serif; line-height: 18px; text-align: left;\" \/><span class=\"Apple-style-span\" style=\"color: #333333; font-family: arial, sans-serif; line-height: 18px; text-align: left;\">Giovanni rispose loro: \u00abIo battezzo con acqua, ma in mezzo a voi sta uno che voi non conoscete,\u00a0<\/span><br style=\"color: #333333; font-family: arial, sans-serif; line-height: 18px; text-align: left;\" \/><span class=\"Apple-style-span\" style=\"color: #333333; font-family: arial, sans-serif; line-height: 18px; text-align: left;\">uno che viene dopo di me, al quale io non son degno di sciogliere il legaccio del sandalo\u00bb.\u00a0<\/span><br style=\"color: #333333; font-family: arial, sans-serif; line-height: 18px; text-align: left;\" \/><span class=\"Apple-style-span\" style=\"color: #333333; font-family: arial, sans-serif; line-height: 18px; text-align: left;\">Questo avvenne in Bet\u00e0nia, al di l\u00e0 del Giordano, dove Giovanni stava battezzando<\/span><\/p>\n<p>&nbsp;<\/p>\n","protected":false},"excerpt":{"rendered":"<p>Venne un uomo mandato da Dio e il suo nome era Giovanni.\u00a0Egli venne come testimone per rendere testimonianza alla luce, perch\u00e9 tutti credessero per mezzo di lui.\u00a0Egli non era la luce, ma doveva render testimonianza alla luce.\u00a0E questa \u00e8 la testimonianza di Giovanni, quando i Giudei gli inviarono da Gerusalemme sacerdoti e leviti a interrogarlo:&#8230;<\/p>\n","protected":false},"author":3,"featured_media":0,"comment_status":"closed","ping_status":"closed","sticky":false,"template":"","format":"standard","meta":{"_kad_post_transparent":"","_kad_post_title":"","_kad_post_layout":"","_kad_post_sidebar_id":"","_kad_post_content_style":"","_kad_post_vertical_padding":"","_kad_post_feature":"","_kad_post_feature_position":"","_kad_post_header":false,"_kad_post_footer":false,"_kad_post_classname":"","footnotes":""},"categories":[101,112],"tags":[81],"class_list":["post-233126","post","type-post","status-publish","format-standard","hentry","category-101","category-avvento","tag-video-vangelo"],"_links":{"self":[{"href":"https:\/\/archivio.cercoiltuovolto.it\/index.php?rest_route=\/wp\/v2\/posts\/233126","targetHints":{"allow":["GET"]}}],"collection":[{"href":"https:\/\/archivio.cercoiltuovolto.it\/index.php?rest_route=\/wp\/v2\/posts"}],"about":[{"href":"https:\/\/archivio.cercoiltuovolto.it\/index.php?rest_route=\/wp\/v2\/types\/post"}],"author":[{"embeddable":true,"href":"https:\/\/archivio.cercoiltuovolto.it\/index.php?rest_route=\/wp\/v2\/users\/3"}],"replies":[{"embeddable":true,"href":"https:\/\/archivio.cercoiltuovolto.it\/index.php?rest_route=%2Fwp%2Fv2%2Fcomments&post=233126"}],"version-history":[{"count":0,"href":"https:\/\/archivio.cercoiltuovolto.it\/index.php?rest_route=\/wp\/v2\/posts\/233126\/revisions"}],"wp:attachment":[{"href":"https:\/\/archivio.cercoiltuovolto.it\/index.php?rest_route=%2Fwp%2Fv2%2Fmedia&parent=233126"}],"wp:term":[{"taxonomy":"category","embeddable":true,"href":"https:\/\/archivio.cercoiltuovolto.it\/index.php?rest_route=%2Fwp%2Fv2%2Fcategories&post=233126"},{"taxonomy":"post_tag","embeddable":true,"href":"https:\/\/archivio.cercoiltuovolto.it\/index.php?rest_route=%2Fwp%2Fv2%2Ftags&post=233126"}],"curies":[{"name":"wp","href":"https:\/\/api.w.org\/{rel}","templated":true}]}}