{"id":233119,"date":"2011-12-09T14:34:10","date_gmt":"2011-12-09T14:34:10","guid":{"rendered":"https:\/\/archivio.cercoiltuovolto.it\/?p=233119"},"modified":"2011-12-09T14:34:10","modified_gmt":"2011-12-09T14:34:10","slug":"commento-al-vangelo-del-11-dicembre-2011-comunita-cattolica-ungherese","status":"publish","type":"post","link":"https:\/\/archivio.cercoiltuovolto.it\/?p=233119","title":{"rendered":"Commento al Vangelo del 11 dicembre 2011 &#8211; Comunit\u00e0 cattolica ungherese"},"content":{"rendered":"<p style=\"text-align: center;\"><img loading=\"lazy\" decoding=\"async\" class=\"aligncenter size-full wp-image-14834\" title=\"Comunit\u00e0 cattolica italiana in Ungheria\" src=\"http:\/\/www.cercoiltuovolto.it\/wp\/wp-content\/uploads\/2010\/11\/ungheria.png\" alt=\"\" width=\"476\" height=\"132\" \/><\/p>\n<p>Commento al Vangelo di domenica prossima a cura di p. Sergio della Comunit\u00e0 cattolica italiana in Ungheria.<\/p>\n<blockquote>\n<p><em>Gv 1, 6-8. 19-28<\/em><br \/><em>Dal Vangelo secondo\u00a0Giovanni<\/em><\/p>\n<p>Venne un uomo mandato da Dio:<br \/>il suo nome era Giovanni.<br \/>Egli venne come testimone<br \/>per dare testimonianza alla luce,<br \/>perch\u00e9 tutti credessero per mezzo di lui.<br \/>Non era lui la luce,<br \/>ma doveva dare testimonianza alla luce.<br \/>Questa \u00e8 la testimonianza di Giovanni, quando i Giudei gli inviarono da Gerusalemme sacerdoti e lev\u00ecti a interrogarlo: \u00abTu, chi sei?\u00bb. Egli confess\u00f2 e non neg\u00f2. Confess\u00f2: \u00abIo non sono il Cristo\u00bb. Allora gli chiesero: \u00abChi sei, dunque? Sei tu Elia?\u00bb. \u00abNon lo sono\u00bb, disse. \u00abSei tu il profeta?\u00bb. \u00abNo\u00bb, rispose. Gli dissero allora: \u00abChi sei? Perch\u00e9 possiamo dare una risposta a coloro che ci hanno mandato. Che cosa dici di te stesso?\u00bb. Rispose: \u00abIo sono voce di uno che grida nel deserto: Rendete diritta la via del Signore, come disse il profeta Isa\u00eca\u00bb.<br \/>Quelli che erano stati inviati venivano dai farisei. Essi lo interrogarono e gli dissero: \u00abPerch\u00e9 dunque tu battezzi, se non sei il Cristo, n\u00e9 Elia, n\u00e9 il profeta?\u00bb. Giovanni rispose loro: \u00abIo battezzo nell\u2019acqua. In mezzo a voi sta uno che voi non conoscete, colui che viene dopo di me: a lui io non sono degno di slegare il laccio del sandalo\u00bb.<br \/>Questo avvenne in Bet\u00e0nia, al di l\u00e0 del Giordano, dove Giovanni stava battezzando.<\/p>\n<p>C: Parola del Signore.<br \/>A: Lode a Te o Cristo.<\/p>\n<\/blockquote>\n<p class=\"link\" style=\"text-align: left;\"><a href=\"http:\/\/www.youtube.com\/watch?feature=player_embedded&amp;v=VDTDXFJgeEU\">Link al Video<\/a><\/p>\n","protected":false},"excerpt":{"rendered":"<p>Commento al Vangelo di domenica prossima a cura di p. Sergio della Comunit\u00e0 cattolica italiana in Ungheria. Gv 1, 6-8. 19-28Dal Vangelo secondo\u00a0Giovanni Venne un uomo mandato da Dio:il suo nome era Giovanni.Egli venne come testimoneper dare testimonianza alla luce,perch\u00e9 tutti credessero per mezzo di lui.Non era lui la luce,ma doveva dare testimonianza alla luce.Questa&#8230;<\/p>\n","protected":false},"author":3,"featured_media":0,"comment_status":"closed","ping_status":"closed","sticky":false,"template":"","format":"standard","meta":{"_kad_post_transparent":"","_kad_post_title":"","_kad_post_layout":"","_kad_post_sidebar_id":"","_kad_post_content_style":"","_kad_post_vertical_padding":"","_kad_post_feature":"","_kad_post_feature_position":"","_kad_post_header":false,"_kad_post_footer":false,"_kad_post_classname":"","footnotes":""},"categories":[101,112],"tags":[5,22,172],"class_list":["post-233119","post","type-post","status-publish","format-standard","hentry","category-101","category-avvento","tag-commento-al-vangelo","tag-francescani","tag-vangelo-della-domenica"],"_links":{"self":[{"href":"https:\/\/archivio.cercoiltuovolto.it\/index.php?rest_route=\/wp\/v2\/posts\/233119","targetHints":{"allow":["GET"]}}],"collection":[{"href":"https:\/\/archivio.cercoiltuovolto.it\/index.php?rest_route=\/wp\/v2\/posts"}],"about":[{"href":"https:\/\/archivio.cercoiltuovolto.it\/index.php?rest_route=\/wp\/v2\/types\/post"}],"author":[{"embeddable":true,"href":"https:\/\/archivio.cercoiltuovolto.it\/index.php?rest_route=\/wp\/v2\/users\/3"}],"replies":[{"embeddable":true,"href":"https:\/\/archivio.cercoiltuovolto.it\/index.php?rest_route=%2Fwp%2Fv2%2Fcomments&post=233119"}],"version-history":[{"count":0,"href":"https:\/\/archivio.cercoiltuovolto.it\/index.php?rest_route=\/wp\/v2\/posts\/233119\/revisions"}],"wp:attachment":[{"href":"https:\/\/archivio.cercoiltuovolto.it\/index.php?rest_route=%2Fwp%2Fv2%2Fmedia&parent=233119"}],"wp:term":[{"taxonomy":"category","embeddable":true,"href":"https:\/\/archivio.cercoiltuovolto.it\/index.php?rest_route=%2Fwp%2Fv2%2Fcategories&post=233119"},{"taxonomy":"post_tag","embeddable":true,"href":"https:\/\/archivio.cercoiltuovolto.it\/index.php?rest_route=%2Fwp%2Fv2%2Ftags&post=233119"}],"curies":[{"name":"wp","href":"https:\/\/api.w.org\/{rel}","templated":true}]}}