{"id":233112,"date":"2011-12-08T06:42:45","date_gmt":"2011-12-08T06:42:45","guid":{"rendered":"https:\/\/archivio.cercoiltuovolto.it\/?p=233112"},"modified":"2011-12-08T06:42:45","modified_gmt":"2011-12-08T06:42:45","slug":"rav-elia-richetti-le-sacre-scritture-nella-tradizione-ebraica","status":"publish","type":"post","link":"https:\/\/archivio.cercoiltuovolto.it\/?p=233112","title":{"rendered":"Rav Elia Richetti: Le Sacre Scritture nella tradizione ebraica"},"content":{"rendered":"<p style=\"text-align: center;\">\u00a0<img loading=\"lazy\" decoding=\"async\" class=\"aligncenter size-large wp-image-22026\" title=\"111205RavEliaRichetti (8)\" src=\"http:\/\/www.cercoiltuovolto.it\/wp-content\/uploads\/2011\/12\/111205RavEliaRichetti-8-590x391.jpg\" alt=\"\" width=\"590\" height=\"391\" \/><\/p>\n<h2 style=\"text-align: justify;\">Rav Elia Richetti, gi\u00e0 rabbino capo di Venezia,\u00a0presenta &#8220;Le Sacre Scritture secondo gli ebrei&#8221;<\/h2>\n<p style=\"text-align: justify;\"><a href=\"http:\/\/www.lanuovaregaldi.it\/evento.cfm?evento=1888\" target=\"_blank\">Il ciclo di incontri &#8220;Assisi chiama Novara&#8221;<\/a>, a cura del Servizio diocesano per l&#8217;Ecumenismo e il Dialogo interreligioso si rivolge ora all&#8217;Ebraismo, dando la parola a Rav Elia Richetti, Presidente dell&#8217;Assemblea rabbinica d&#8217;Italia e gi\u00e0 rabbino capo di Venezia.<\/p>\n<p style=\"text-align: justify;\">Presso la sede de La Nuova Regaldi, in via Dei Tornielli, 6 a Novara, luned\u00ec 5 dicembre alle ore 21 ha luogo l&#8217;incontro dal titolo: &#8220;Le Sacre Scritture secondo gli ebrei&#8221; con l&#8217;autorevole interpretazione di Rav Richetti.<br \/>La serata introdotta e moderata dalla dott.ssa Rossella Bottini Treves, Presidente della Comunit\u00e0 ebraica di Vercelli, vuole aiutare a comprendere gli aspetti essenziali e sovente trascurati della sensibilit\u00e0 e del metodo ebraico nel pensare e vivere le Scritture sante.<br \/>Lo stile seminariale dell&#8217;incontro vuole anche favorire uno spazio di ampio dibattito tra i presenti, per una comprensione sempre pi\u00f9 profonda delle diversit\u00e0 tra le tradizioni religiose che ricercano la verit\u00e0 di Dio accostandosi al proprio Libro santo.<\/p>\n<p style=\"text-align: center;\">\n<div class=\"entry-content-asset videofit\"><iframe loading=\"lazy\" title=\"Le Sacre Scritture nella tradizione ebraica\" width=\"720\" height=\"540\" src=\"https:\/\/www.youtube.com\/embed\/MwXlKHkLyjc?feature=oembed\" frameborder=\"0\" allow=\"accelerometer; autoplay; clipboard-write; encrypted-media; gyroscope; picture-in-picture; web-share\" referrerpolicy=\"strict-origin-when-cross-origin\" allowfullscreen><\/iframe><\/div><\/p>\n","protected":false},"excerpt":{"rendered":"<p>\u00a0 Rav Elia Richetti, gi\u00e0 rabbino capo di Venezia,\u00a0presenta &#8220;Le Sacre Scritture secondo gli ebrei&#8221; Il ciclo di incontri &#8220;Assisi chiama Novara&#8221;, a cura del Servizio diocesano per l&#8217;Ecumenismo e il Dialogo interreligioso si rivolge ora all&#8217;Ebraismo, dando la parola a Rav Elia Richetti, Presidente dell&#8217;Assemblea rabbinica d&#8217;Italia e gi\u00e0 rabbino capo di Venezia. Presso&#8230;<\/p>\n","protected":false},"author":3,"featured_media":0,"comment_status":"closed","ping_status":"closed","sticky":false,"template":"","format":"standard","meta":{"_kad_post_transparent":"","_kad_post_title":"","_kad_post_layout":"","_kad_post_sidebar_id":"","_kad_post_content_style":"","_kad_post_vertical_padding":"","_kad_post_feature":"","_kad_post_feature_position":"","_kad_post_header":false,"_kad_post_footer":false,"_kad_post_classname":"","footnotes":""},"categories":[101,157],"tags":[425,117],"class_list":["post-233112","post","type-post","status-publish","format-standard","hentry","category-101","category-bibbia","tag-ebraismo","tag-incontri"],"_links":{"self":[{"href":"https:\/\/archivio.cercoiltuovolto.it\/index.php?rest_route=\/wp\/v2\/posts\/233112","targetHints":{"allow":["GET"]}}],"collection":[{"href":"https:\/\/archivio.cercoiltuovolto.it\/index.php?rest_route=\/wp\/v2\/posts"}],"about":[{"href":"https:\/\/archivio.cercoiltuovolto.it\/index.php?rest_route=\/wp\/v2\/types\/post"}],"author":[{"embeddable":true,"href":"https:\/\/archivio.cercoiltuovolto.it\/index.php?rest_route=\/wp\/v2\/users\/3"}],"replies":[{"embeddable":true,"href":"https:\/\/archivio.cercoiltuovolto.it\/index.php?rest_route=%2Fwp%2Fv2%2Fcomments&post=233112"}],"version-history":[{"count":0,"href":"https:\/\/archivio.cercoiltuovolto.it\/index.php?rest_route=\/wp\/v2\/posts\/233112\/revisions"}],"wp:attachment":[{"href":"https:\/\/archivio.cercoiltuovolto.it\/index.php?rest_route=%2Fwp%2Fv2%2Fmedia&parent=233112"}],"wp:term":[{"taxonomy":"category","embeddable":true,"href":"https:\/\/archivio.cercoiltuovolto.it\/index.php?rest_route=%2Fwp%2Fv2%2Fcategories&post=233112"},{"taxonomy":"post_tag","embeddable":true,"href":"https:\/\/archivio.cercoiltuovolto.it\/index.php?rest_route=%2Fwp%2Fv2%2Ftags&post=233112"}],"curies":[{"name":"wp","href":"https:\/\/api.w.org\/{rel}","templated":true}]}}